{"id":32465,"date":"2010-11-19T10:18:27","date_gmt":"2010-11-19T14:18:27","guid":{"rendered":"http:\/\/www.redenoticia.com.br\/noticia\/?p=32465"},"modified":"2010-11-19T10:18:27","modified_gmt":"2010-11-19T14:18:27","slug":"peugeot-inicia-vendas-do-crossover-3008","status":"publish","type":"post","link":"https:\/\/www.redenoticia.com.br\/noticia\/2010\/peugeot-inicia-vendas-do-crossover-3008\/32465","title":{"rendered":"Peugeot inicia vendas do crossover 3008"},"content":{"rendered":"<p>A Peugeot do Brasil inicia uma forte campanha de marketing para o lan\u00e7amento de seu primeiro <strong><em>crossover<\/em><\/strong>, o <strong><em>3008<\/em><\/strong>. O in\u00edcio da comercializa\u00e7\u00e3o est\u00e1 datado para s\u00e1bado, dia 20, nas concession\u00e1rias autorizadas de todo o pa\u00eds.<\/p>\n<p>O modelo chega para conquistar o consumidor brasileiro e se tornar uma nova refer\u00eancia no segmento, pelos diferenciais tecnol\u00f3gicos, o design ousado e\u00a0o generoso pacote de equipamentos de s\u00e9rie, com pre\u00e7os bastante<br \/>\ncompetitivos: R$ 79.900 na vers\u00e3o Allure e R$ 86.900 na Griffe \u2013 a vers\u00e3o topo de gama, que conta com teto panor\u00e2mico em vidro e bancos em couro, entre diversos outros itens de conforto.<\/p>\n<p>Assim, a Marca definiu uma linha de comunica\u00e7\u00e3o que visa explorar amplamente os elementos que fazem do 3008 um ve\u00edculo \u00fanico, como o *Head Up Display, o motor (Turbo High Pressure de 156 cv), o teto panor\u00e2mico, os oito airbags de prote\u00e7\u00e3o para os passageiros e os tr\u00eas anos de garantia total.<\/p>\n<p>\u201cO objetivo da campanha \u00e9 ressaltar os atributos que definem o 3008 como um ve\u00edculo exclusivo, inovador e que agrega o melhor de diferentes segmentos\u201d, afirma Gislaine Matano, Gerente de Comunica\u00e7\u00e3o da Peugeot do Brasil.<\/p>\n<p>*L\u00e2mina transl\u00facida em policarbonato com tratamento antireflexo onde s\u00e3o projetadas informa\u00e7\u00f5es b\u00e1sicas como velocidade, por exemplo, evitando que o condutor desvie a aten\u00e7\u00e3o do tr\u00e2nsito.<\/p>\n<p>Campanha envolve TV e m\u00eddias impressa e on line<\/p>\n<p>A Marca preparou um filme publicit\u00e1rio que, de forma criativa e<br \/>\nbem-humorada, destaca o diferencial tecnol\u00f3gico do 3008. Com exibi\u00e7\u00e3o em canais pagos no per\u00edodo de 20\/11 a 31\/12, o filme tem formato de 30 segundos e apresenta tamb\u00e9m cenas de alta performance, que valorizam o comportamento din\u00e2mico e o prazer de dirigir caracter\u00edsticos do ve\u00edculo.<\/p>\n<p>A campanha inclui outras frentes de sustenta\u00e7\u00e3o, entre elas an\u00fancios e encartes especiais em revistas mensais e semanais de interesse geral. Al\u00e9m disso, o ve\u00edculo ser\u00e1 exposto em shoppings das cidades de S\u00e3o Paulo, Rio de Janeiro, Porto Alegre e Bras\u00edlia, entre os dias 20\/11 e 09\/01\/2011, e tamb\u00e9m em nove grandes aeroportos do pa\u00eds, entre 25\/11 e 30\/12.<\/p>\n<p>J\u00e1 a m\u00eddia online inclui divulga\u00e7\u00e3o nos principais portais, remetendo automaticamente ao site oficial da Peugeot, que associar\u00e1 o interior do ve\u00edculo a um cockpit de avi\u00e3o e permitir\u00e1 ao internauta explorar o 3008 em detalhes, interagir com um prot\u00f3tipo virtual do carro e agendar um test-drive.<\/p>\n<p>A novidade fica por conta do aplicativo para iPhone, que entregar\u00e1 ao cliente informa\u00e7\u00f5es sobre o carro, mapeamento das concession\u00e1rias Peugeot, possibilidade de cria\u00e7\u00e3o de roteiros e c\u00e1lculos de viagens e transmitir\u00e1 diretamente as informa\u00e7\u00f5es mostradas no Head Up Display do ve\u00edculo.<\/p>\n<p>Para completar, a Marca disponibilizou material de divulga\u00e7\u00e3o nos pontos de vendas para toda sua rede de concession\u00e1rias, com cat\u00e1logos, banners e displays que reproduzem o ambiente tecnol\u00f3gico do 3008. A a\u00e7\u00e3o envolve ainda envio de mala direta, e-mail-marketing e SMS para quem j\u00e1 \u00e9 cliente Peugeot.<\/p>\n","protected":false},"excerpt":{"rendered":"<p>A Peugeot do Brasil inicia uma forte campanha de marketing para o lan\u00e7amento de seu primeiro crossover, o 3008. O in\u00edcio da comercializa\u00e7\u00e3o est\u00e1 datado para s\u00e1bado, dia 20, nas concession\u00e1rias autorizadas de todo o pa\u00eds. O modelo chega para conquistar o consumidor brasileiro e se tornar uma nova refer\u00eancia no segmento, pelos diferenciais tecnol\u00f3gicos, [&hellip;]<\/p>\n","protected":false},"author":3,"featured_media":0,"comment_status":"open","ping_status":"open","sticky":false,"template":"","format":"standard","meta":{"_genesis_hide_title":false,"_genesis_hide_breadcrumbs":false,"_genesis_hide_singular_image":false,"_genesis_hide_footer_widgets":false,"_genesis_custom_body_class":"","_genesis_custom_post_class":"","_genesis_layout":"","_jetpack_memberships_contains_paid_content":false,"footnotes":""},"categories":[22],"tags":[],"class_list":{"0":"post-32465","1":"post","2":"type-post","3":"status-publish","4":"format-standard","6":"category-brasil","7":"entry","8":"gs-1","9":"gs-odd","10":"gs-even","11":"gs-featured-content-entry"},"jetpack_featured_media_url":"","jetpack_sharing_enabled":true,"jetpack_likes_enabled":true,"_links":{"self":[{"href":"https:\/\/www.redenoticia.com.br\/noticia\/wp-json\/wp\/v2\/posts\/32465","targetHints":{"allow":["GET"]}}],"collection":[{"href":"https:\/\/www.redenoticia.com.br\/noticia\/wp-json\/wp\/v2\/posts"}],"about":[{"href":"https:\/\/www.redenoticia.com.br\/noticia\/wp-json\/wp\/v2\/types\/post"}],"author":[{"embeddable":true,"href":"https:\/\/www.redenoticia.com.br\/noticia\/wp-json\/wp\/v2\/users\/3"}],"replies":[{"embeddable":true,"href":"https:\/\/www.redenoticia.com.br\/noticia\/wp-json\/wp\/v2\/comments?post=32465"}],"version-history":[{"count":0,"href":"https:\/\/www.redenoticia.com.br\/noticia\/wp-json\/wp\/v2\/posts\/32465\/revisions"}],"wp:attachment":[{"href":"https:\/\/www.redenoticia.com.br\/noticia\/wp-json\/wp\/v2\/media?parent=32465"}],"wp:term":[{"taxonomy":"category","embeddable":true,"href":"https:\/\/www.redenoticia.com.br\/noticia\/wp-json\/wp\/v2\/categories?post=32465"},{"taxonomy":"post_tag","embeddable":true,"href":"https:\/\/www.redenoticia.com.br\/noticia\/wp-json\/wp\/v2\/tags?post=32465"}],"curies":[{"name":"wp","href":"https:\/\/api.w.org\/{rel}","templated":true}]}}