{"id":32459,"date":"2010-11-19T09:26:02","date_gmt":"2010-11-19T13:26:02","guid":{"rendered":"http:\/\/www.redenoticia.com.br\/noticia\/?p=32459"},"modified":"2010-11-19T09:43:34","modified_gmt":"2010-11-19T13:43:34","slug":"enem-2010-trf5-suspende-nova-decisao-da-justica-federal-do-ce","status":"publish","type":"post","link":"https:\/\/www.redenoticia.com.br\/noticia\/2010\/enem-2010-trf5-suspende-nova-decisao-da-justica-federal-do-ce\/32459","title":{"rendered":"Enem 2010 \u2013 TRF5 suspende nova decis\u00e3o da justi\u00e7a federal do CE"},"content":{"rendered":"<p><strong><em>Enem 2010<\/em><\/strong> &#8211; o presidente do Tribunal Regional Federal da 5\u00aa Regi\u00e3o, Desembragador Luiz Alberto Gurgel de Faria, suspendeu na noite desta quinta-feira, 18, a decis\u00e3o da Ju\u00edza Federal da 7\u00aa Vara\/CE que assegurava a realiza\u00e7\u00e3o de uma nova prova a todos os estudantes que se sentiram prejudicados pelos erros de impress\u00e3o do caderno amarelo ou pela invers\u00e3o dos cabe\u00e7alhos nos cart\u00f5es de resposta do Exame Nacional do Ensino M\u00e9dio (Enem).<\/p>\n<p>O magistrado atendeu a pedido formulado pelo Inep na Suspens\u00e3o de Antecipa\u00e7\u00e3o de Tutela n\u00ba 4210-CE.<\/p>\n<p>Na decis\u00e3o, o presidente do TRF5 ressaltou a imin\u00eancia do dano \u00e0 ordem p\u00fablica na possibilidade de submiss\u00e3o a novo certame, sem o controle objetivo por parte da Administra\u00e7\u00e3o Federal do efetivo preju\u00edzo sofrido pelos candidatos.\u00a0Ponderou, ainda, que a altera\u00e7\u00e3o do cronograma fixado pelo Inep\/MEC implica atraso na conclus\u00e3o do Enem 2010, circunst\u00e2ncia por demais relevante, considerando que diversas institui\u00e7\u00f5es de ensino superior utilizar\u00e3o as notas do Enem na sele\u00e7\u00e3o de ingresso dos novos alunos. Por fim, real\u00e7ou ser inadmiss\u00edvel que paix\u00f5es a teses jur\u00eddicas venham aflorar e contaminar o Judici\u00e1rio, a ponto de se pretender a reforma da decis\u00e3o anteriormente proferida por quem n\u00e3o possui compet\u00eancia para tanto, trazendo inseguran\u00e7a jur\u00eddica para milh\u00f5es de jovens at\u00f4nitos (e suas fam\u00edlias) \u00e0 espera da defini\u00e7\u00e3o das respectivas situa\u00e7\u00f5es escolares.<\/p>\n<p>Assessoria de Comunica\u00e7\u00e3o do TRF 5\u00aa regi\u00e3o<\/p>\n","protected":false},"excerpt":{"rendered":"<p>Enem 2010 &#8211; o presidente do Tribunal Regional Federal da 5\u00aa Regi\u00e3o, Desembragador Luiz Alberto Gurgel de Faria, suspendeu na noite desta quinta-feira, 18, a decis\u00e3o da Ju\u00edza Federal da 7\u00aa Vara\/CE que assegurava a realiza\u00e7\u00e3o de uma nova prova a todos os estudantes que se sentiram prejudicados pelos erros de impress\u00e3o do caderno amarelo [&hellip;]<\/p>\n","protected":false},"author":3,"featured_media":0,"comment_status":"open","ping_status":"open","sticky":false,"template":"","format":"standard","meta":{"_genesis_hide_title":false,"_genesis_hide_breadcrumbs":false,"_genesis_hide_singular_image":false,"_genesis_hide_footer_widgets":false,"_genesis_custom_body_class":"","_genesis_custom_post_class":"","_genesis_layout":"","_jetpack_memberships_contains_paid_content":false,"footnotes":""},"categories":[22],"tags":[],"class_list":{"0":"post-32459","1":"post","2":"type-post","3":"status-publish","4":"format-standard","6":"category-brasil","7":"entry","8":"gs-1","9":"gs-odd","10":"gs-even","11":"gs-featured-content-entry"},"jetpack_featured_media_url":"","jetpack_sharing_enabled":true,"jetpack_likes_enabled":true,"_links":{"self":[{"href":"https:\/\/www.redenoticia.com.br\/noticia\/wp-json\/wp\/v2\/posts\/32459","targetHints":{"allow":["GET"]}}],"collection":[{"href":"https:\/\/www.redenoticia.com.br\/noticia\/wp-json\/wp\/v2\/posts"}],"about":[{"href":"https:\/\/www.redenoticia.com.br\/noticia\/wp-json\/wp\/v2\/types\/post"}],"author":[{"embeddable":true,"href":"https:\/\/www.redenoticia.com.br\/noticia\/wp-json\/wp\/v2\/users\/3"}],"replies":[{"embeddable":true,"href":"https:\/\/www.redenoticia.com.br\/noticia\/wp-json\/wp\/v2\/comments?post=32459"}],"version-history":[{"count":0,"href":"https:\/\/www.redenoticia.com.br\/noticia\/wp-json\/wp\/v2\/posts\/32459\/revisions"}],"wp:attachment":[{"href":"https:\/\/www.redenoticia.com.br\/noticia\/wp-json\/wp\/v2\/media?parent=32459"}],"wp:term":[{"taxonomy":"category","embeddable":true,"href":"https:\/\/www.redenoticia.com.br\/noticia\/wp-json\/wp\/v2\/categories?post=32459"},{"taxonomy":"post_tag","embeddable":true,"href":"https:\/\/www.redenoticia.com.br\/noticia\/wp-json\/wp\/v2\/tags?post=32459"}],"curies":[{"name":"wp","href":"https:\/\/api.w.org\/{rel}","templated":true}]}}