{"id":32440,"date":"2010-11-18T09:06:53","date_gmt":"2010-11-18T13:06:53","guid":{"rendered":"http:\/\/www.redenoticia.com.br\/noticia\/?p=32440"},"modified":"2010-11-18T09:06:53","modified_gmt":"2010-11-18T13:06:53","slug":"enade-2010-mais-de-seiscentos-mil-farao-prova-no-domingo","status":"publish","type":"post","link":"https:\/\/www.redenoticia.com.br\/noticia\/2010\/enade-2010-mais-de-seiscentos-mil-farao-prova-no-domingo\/32440","title":{"rendered":"Enade 2010 &#8211; mais de seiscentos mil far\u00e3o prova no domingo"},"content":{"rendered":"<h1><span style=\"font-size: 13px;\"><em>Enade 2010<\/em><\/span><span style=\"font-weight: normal; font-size: 13px;\"> &#8211; um total de 650.066 estudantes s\u00e3o esperados para responder \u00e0s  provas do Enade no pr\u00f3ximo domingo. Desses, 261.745 s\u00e3o ingressantes, 161.151  s\u00e3o concluintes e 227.170 s\u00e3o estudantes que deveriam ter feito o Enade em anos  anteriores e, agora, buscam regularizar sua situa\u00e7\u00e3o.<\/span><\/h1>\n<p>As \u00e1reas avaliadas este ano s\u00e3o Agronomia, Biomedicina, Educa\u00e7\u00e3o F\u00edsica,  Enfermagem, Farm\u00e1cia, Fisioterapia, Fonoaudiologia, Medicina, Medicina  Veterin\u00e1ria, Nutri\u00e7\u00e3o, Odontologia, Servi\u00e7o Social, Terapia Ocupacional e  Zootecnia, e os cursos superiores de tecnologia em Agroind\u00fastria, Agroneg\u00f3cios,  Gest\u00e3o Ambiental, Gest\u00e3o Hospitalar e Radiologia.<\/p>\n<p>A prova do Enade tem quest\u00f5es objetivas e discursivas. Dez quest\u00f5es s\u00e3o de  forma\u00e7\u00e3o geral, comuns a todas as \u00e1reas, e 30 quest\u00f5es s\u00e3o de conhecimentos  espec\u00edficos. A prova \u00e9 igual para ingressantes e concluintes do mesmo curso. Os  estudantes irregulares do Enade 2005, 2006, 2008 e 2009 responder\u00e3o apenas \u00e0s  quest\u00f5es de forma\u00e7\u00e3o geral do Enade 2010. J\u00e1 os estudantes irregulares do Enade  2004 e 2007 responder\u00e3o as quest\u00f5es de forma\u00e7\u00e3o geral e espec\u00edficas do Enade  2010.<\/p>\n<p>Curr\u00edculo &#8211; O Enade \u00e9 componente curricular obrigat\u00f3rio dos cursos de  gradua\u00e7\u00e3o. No hist\u00f3rico escolar do estudante \u00e9 inscrita a participa\u00e7\u00e3o no Exame  \u2013 mas apenas quanto \u00e0 participa\u00e7\u00e3o. Ou seja: a situa\u00e7\u00e3o regular do aluno quanto  ao Enade se d\u00e1 com sua participa\u00e7\u00e3o, n\u00e3o sendo necess\u00e1rio atingir nota m\u00ednima.<\/p>\n<p>Question\u00e1rio &#8211; Os participantes do Enade 2010 dever\u00e3o tamb\u00e9m responder ao  Question\u00e1rio do Estudante at\u00e9 o dia 21, pela Internet, na p\u00e1gina eletr\u00f4nica do  Inep (<a href=\"http:\/\/enade.inep.gov.br\/enadeIes\/\" target=\"_blank\">http:\/\/enade.inep.gov.br\/enadeIes\/<\/a>). O Question\u00e1rio do Estudante coleta  informa\u00e7\u00f5es sobre o perfil dos participantes do Enade. Nele, o estudante tem a  oportunidade de manifestar sua opini\u00e3o sobre o curso e a institui\u00e7\u00e3o que  freq\u00fcenta. O c\u00e1lculo de indicadores educacionais elaborado a partir dos  resultados do Enade considera informa\u00e7\u00f5es coletadas por meio do  Question\u00e1rio.<\/p>\n<p>A prova do Enade ser\u00e1 aplicada em mais de 1.300 munic\u00edpios no pr\u00f3ximo  domingo, dia 21, a partir das 13h, hor\u00e1rio de Bras\u00edlia. O Inep recomenda aos  participantes que cheguem com 45 minutos de anteced\u00eancia e que estejam atentos  para as diferen\u00e7as de fuso hor\u00e1rio e para o hor\u00e1rio de ver\u00e3o.<\/p>\n<p>Assessoria de Imprensa Inep\/MEC<\/p>\n","protected":false},"excerpt":{"rendered":"<p>Enade 2010 &#8211; um total de 650.066 estudantes s\u00e3o esperados para responder \u00e0s provas do Enade no pr\u00f3ximo domingo. Desses, 261.745 s\u00e3o ingressantes, 161.151 s\u00e3o concluintes e 227.170 s\u00e3o estudantes que deveriam ter feito o Enade em anos anteriores e, agora, buscam regularizar sua situa\u00e7\u00e3o. As \u00e1reas avaliadas este ano s\u00e3o Agronomia, Biomedicina, Educa\u00e7\u00e3o F\u00edsica, [&hellip;]<\/p>\n","protected":false},"author":3,"featured_media":0,"comment_status":"open","ping_status":"open","sticky":false,"template":"","format":"standard","meta":{"_genesis_hide_title":false,"_genesis_hide_breadcrumbs":false,"_genesis_hide_singular_image":false,"_genesis_hide_footer_widgets":false,"_genesis_custom_body_class":"","_genesis_custom_post_class":"","_genesis_layout":"","_jetpack_memberships_contains_paid_content":false,"footnotes":""},"categories":[22],"tags":[],"class_list":{"0":"post-32440","1":"post","2":"type-post","3":"status-publish","4":"format-standard","6":"category-brasil","7":"entry","8":"gs-1","9":"gs-odd","10":"gs-even","11":"gs-featured-content-entry"},"jetpack_featured_media_url":"","jetpack_sharing_enabled":true,"jetpack_likes_enabled":true,"_links":{"self":[{"href":"https:\/\/www.redenoticia.com.br\/noticia\/wp-json\/wp\/v2\/posts\/32440","targetHints":{"allow":["GET"]}}],"collection":[{"href":"https:\/\/www.redenoticia.com.br\/noticia\/wp-json\/wp\/v2\/posts"}],"about":[{"href":"https:\/\/www.redenoticia.com.br\/noticia\/wp-json\/wp\/v2\/types\/post"}],"author":[{"embeddable":true,"href":"https:\/\/www.redenoticia.com.br\/noticia\/wp-json\/wp\/v2\/users\/3"}],"replies":[{"embeddable":true,"href":"https:\/\/www.redenoticia.com.br\/noticia\/wp-json\/wp\/v2\/comments?post=32440"}],"version-history":[{"count":0,"href":"https:\/\/www.redenoticia.com.br\/noticia\/wp-json\/wp\/v2\/posts\/32440\/revisions"}],"wp:attachment":[{"href":"https:\/\/www.redenoticia.com.br\/noticia\/wp-json\/wp\/v2\/media?parent=32440"}],"wp:term":[{"taxonomy":"category","embeddable":true,"href":"https:\/\/www.redenoticia.com.br\/noticia\/wp-json\/wp\/v2\/categories?post=32440"},{"taxonomy":"post_tag","embeddable":true,"href":"https:\/\/www.redenoticia.com.br\/noticia\/wp-json\/wp\/v2\/tags?post=32440"}],"curies":[{"name":"wp","href":"https:\/\/api.w.org\/{rel}","templated":true}]}}