{"id":32439,"date":"2010-11-18T09:01:44","date_gmt":"2010-11-18T13:01:44","guid":{"rendered":"http:\/\/www.redenoticia.com.br\/noticia\/?p=32439"},"modified":"2010-11-18T09:01:44","modified_gmt":"2010-11-18T13:01:44","slug":"enem-2010-agu-trabalha-para-reverter-nova-liminar","status":"publish","type":"post","link":"https:\/\/www.redenoticia.com.br\/noticia\/2010\/enem-2010-agu-trabalha-para-reverter-nova-liminar\/32439","title":{"rendered":"Enem 2010 &#8211; AGU trabalha para reverter nova liminar"},"content":{"rendered":"<p><strong><em><img loading=\"lazy\" decoding=\"async\" class=\"alignleft size-full wp-image-19313\" title=\"enem sisu\" src=\"https:\/\/www.redenoticia.com.br\/noticia\/imagens\/enem-2009-gabarito.jpg\" alt=\"\" width=\"300\" height=\"193\" srcset=\"https:\/\/www.redenoticia.com.br\/noticia\/imagens\/enem-2009-gabarito.jpg 300w, https:\/\/www.redenoticia.com.br\/noticia\/imagens\/enem-2009-gabarito-250x160.jpg 250w, https:\/\/www.redenoticia.com.br\/noticia\/imagens\/enem-2009-gabarito-150x96.jpg 150w\" sizes=\"auto, (max-width: 300px) 100vw, 300px\" \/>Enem 2010<\/em><\/strong> &#8211; A Advocacia-Geral da Uni\u00e3o (AGU) anunciou na noite de quarta-feira, 17, que vai  recorrer da nova decis\u00e3o da ju\u00edza Karla de Almeida Miranda Maia, da 7\u00aa Vara da  Justi\u00e7a Federal do Cear\u00e1. Tamb\u00e9m na quarta-feira, Karla Maia concedeu liminar  que assegura a op\u00e7\u00e3o de fazer outra prova aos estudantes que participaram do  Exame Nacional do Ensino M\u00e9dio (Enem) e se sentiram prejudicados pelos erros na  prova amarela ou pela invers\u00e3o dos cabe\u00e7alhos nos cart\u00f5es de resposta. O exame  foi aplicado nos dias 6 e 7 \u00faltimos.<\/p>\n<p>Para pedir nova prova, segundo a  liminar, o estudante deve encaminhar requerimento ao Instituto Nacional de  Estudos e Pesquisas Educacionais (Inep), via internet.<\/p>\n<p>A AGU entende,  por\u00e9m, que as provid\u00eancias adotadas pelo Minist\u00e9rio da Educa\u00e7\u00e3o asseguram  direitos aos alunos prejudicados, sem preju\u00edzo daqueles que fizeram a prova  regularmente, e a apura\u00e7\u00e3o de outras ocorr\u00eancias registradas em ata. As medidas  nesse sentido adotadas pelo MEC foram as de permitir que os estudantes  eventualmente prejudicados requeiram, na p\u00e1gina eletr\u00f4nica do <a href=\"http:\/\/sistemasenem2.inep.gov.br\/correcaoprova\/\" target=\"_blank\">Inep<\/a>, a  corre\u00e7\u00e3o do gabarito invertido e de aplicar nova prova para aqueles n\u00e3o tiveram  o caderno amarelo de quest\u00f5es, com falhas de impress\u00e3o, substitu\u00eddo pelos  fiscais.<\/p>\n<p>Assessoria de Comunica\u00e7\u00e3o Social<\/p>\n","protected":false},"excerpt":{"rendered":"<p>Enem 2010 &#8211; A Advocacia-Geral da Uni\u00e3o (AGU) anunciou na noite de quarta-feira, 17, que vai recorrer da nova decis\u00e3o da ju\u00edza Karla de Almeida Miranda Maia, da 7\u00aa Vara da Justi\u00e7a Federal do Cear\u00e1. Tamb\u00e9m na quarta-feira, Karla Maia concedeu liminar que assegura a op\u00e7\u00e3o de fazer outra prova aos estudantes que participaram do [&hellip;]<\/p>\n","protected":false},"author":3,"featured_media":19313,"comment_status":"open","ping_status":"open","sticky":false,"template":"","format":"standard","meta":{"_genesis_hide_title":false,"_genesis_hide_breadcrumbs":false,"_genesis_hide_singular_image":false,"_genesis_hide_footer_widgets":false,"_genesis_custom_body_class":"","_genesis_custom_post_class":"","_genesis_layout":"","_jetpack_memberships_contains_paid_content":false,"footnotes":""},"categories":[22],"tags":[],"class_list":{"0":"post-32439","1":"post","2":"type-post","3":"status-publish","4":"format-standard","5":"has-post-thumbnail","7":"category-brasil","8":"entry","9":"gs-1","10":"gs-odd","11":"gs-even","12":"gs-featured-content-entry"},"jetpack_featured_media_url":"https:\/\/www.redenoticia.com.br\/noticia\/imagens\/enem-2009-gabarito.jpg","jetpack_sharing_enabled":true,"jetpack_likes_enabled":true,"_links":{"self":[{"href":"https:\/\/www.redenoticia.com.br\/noticia\/wp-json\/wp\/v2\/posts\/32439","targetHints":{"allow":["GET"]}}],"collection":[{"href":"https:\/\/www.redenoticia.com.br\/noticia\/wp-json\/wp\/v2\/posts"}],"about":[{"href":"https:\/\/www.redenoticia.com.br\/noticia\/wp-json\/wp\/v2\/types\/post"}],"author":[{"embeddable":true,"href":"https:\/\/www.redenoticia.com.br\/noticia\/wp-json\/wp\/v2\/users\/3"}],"replies":[{"embeddable":true,"href":"https:\/\/www.redenoticia.com.br\/noticia\/wp-json\/wp\/v2\/comments?post=32439"}],"version-history":[{"count":0,"href":"https:\/\/www.redenoticia.com.br\/noticia\/wp-json\/wp\/v2\/posts\/32439\/revisions"}],"wp:featuredmedia":[{"embeddable":true,"href":"https:\/\/www.redenoticia.com.br\/noticia\/wp-json\/wp\/v2\/media\/19313"}],"wp:attachment":[{"href":"https:\/\/www.redenoticia.com.br\/noticia\/wp-json\/wp\/v2\/media?parent=32439"}],"wp:term":[{"taxonomy":"category","embeddable":true,"href":"https:\/\/www.redenoticia.com.br\/noticia\/wp-json\/wp\/v2\/categories?post=32439"},{"taxonomy":"post_tag","embeddable":true,"href":"https:\/\/www.redenoticia.com.br\/noticia\/wp-json\/wp\/v2\/tags?post=32439"}],"curies":[{"name":"wp","href":"https:\/\/api.w.org\/{rel}","templated":true}]}}