{"id":32426,"date":"2010-11-17T09:49:48","date_gmt":"2010-11-17T13:49:48","guid":{"rendered":"http:\/\/www.redenoticia.com.br\/noticia\/?p=32426"},"modified":"2010-11-17T09:49:48","modified_gmt":"2010-11-17T13:49:48","slug":"consciencia-negra-shows-e-atracoes-culturais-em-sp","status":"publish","type":"post","link":"https:\/\/www.redenoticia.com.br\/noticia\/2010\/consciencia-negra-shows-e-atracoes-culturais-em-sp\/32426","title":{"rendered":"Consci\u00eancia Negra &#8211; shows e atra\u00e7\u00f5es culturais em SP"},"content":{"rendered":"<p>Para festejar o m\u00eas da <strong><em>Consci\u00eancia Negra<\/em><\/strong>, a Secretaria da Cultura SP promove uma s\u00e9rie de atra\u00e7\u00f5es culturais gratuitas. O ponto alto das comemora\u00e7\u00f5es \u00e9 o j\u00e1 tradicional show na Pra\u00e7a da S\u00e9, neste s\u00e1bado, 20, com a presen\u00e7a de artistas como D. Ivone Lara, Oswaldinho da Cu\u00edca, Chico C\u00e9sar, EMICIDA, Funk como Le Gusta, Toni Tornado, Lady Z\u00fa e Gerson King Combo.<\/p>\n<p>A Secretaria tamb\u00e9m apoia a comemora\u00e7\u00e3o da data em outras cidades do Estado, por meio do Edital de Apoio a Projetos de Promo\u00e7\u00e3o do Dia da Consci\u00eancia Negra. Dos 20 projetos selecionados, 15 v\u00eam de munic\u00edpios do interior e do litoral &#8211; Franca, Ribeir\u00e3o Preto, Hortol\u00e2ndia, Itu, Capivari, Barretos, Guaruj\u00e1, Pindamonhangaba, Campinas (com dois projetos), Francisco Morato, Piracicaba, Tup\u00e3, Trememb\u00e9 e Santa B\u00e1rbara D&#8217;Oeste -, e cinco s\u00e3o da Capital. Cada projeto receber\u00e1 um pr\u00eamio de R$ 10 mil.<\/p>\n<p>Outro evento importante \u00e9 a abertura da exposi\u00e7\u00e3o O que \u00e9 Consci\u00eancia Negra para Voc\u00ea?, que ser\u00e1 realizado no dia 27 de novembro, no Memorial da Am\u00e9rica Latina. A mostra reunir\u00e1 os vencedores da campanha de participa\u00e7\u00e3o popular promovida pela Secretaria, que convidou o p\u00fablico a colocar em cartazes publicit\u00e1rios a sua interpreta\u00e7\u00e3o sobre o tema. No mesmo dia, o Memorial recebe ainda a quarta edi\u00e7\u00e3o do Encontro Paulista de Hip-Hop.<\/p>\n<p>&#8220;Com shows e atividades culturais, o Governo de S\u00e3o Paulo convida o p\u00fablico a refletir sobre o tema e tamb\u00e9m a comemorar a data, sempre ao lado de grandes nomes da cultura de nosso pa\u00eds&#8221;, afirma o secret\u00e1rio da Cultura, Andrea Matarazzo.<\/p>\n<p>Confira a programa\u00e7\u00e3o completa de eventos promovidos pela Secretaria no m\u00eas da Consci\u00eancia Negra:<\/p>\n<p>Show na Pra\u00e7a da S\u00e9<\/p>\n<p>No s\u00e1bado, 20, um palco montado na Pra\u00e7a da S\u00e9 receber\u00e1 as comemora\u00e7\u00f5es do Dia da Consci\u00eancia Negra. As festividades come\u00e7am na Catedral da S\u00e9, com uma Missa Afro, \u00e0s 10 horas. Ap\u00f3s a missa, ao meio-dia, haver\u00e1 uma apresenta\u00e7\u00e3o do Encontro de Congadas, com cinco grupos de congadas e samba de bumbo do Estado.<\/p>\n<p>Na sequ\u00eancia, os apresentadores Max B.O e Mafalda Pequenino abrir\u00e3o o show com o rap dos artistas EMICIDA &amp; Projetonave+Rael da Rima, DJ Pathy de Jesus e DJ Meio Kilo. \u00c0s 15h30 come\u00e7ar\u00e1 o show de MPB com Chico C\u00e9sar e banda e seguido de apresenta\u00e7\u00e3o do DJ Th\u00e9o Werneck.<\/p>\n<p>A terceira parte do espet\u00e1culo ser\u00e1 dedicada \u00e0 m\u00fasica soul, e contar\u00e1 com a participa\u00e7\u00e3o do grupo Funk Como Le Gusta e dos artistas Toni Tornado, Lady Z\u00fa e Gerson King Combo. Para encerrar a festa, a partir das 20 hora, o p\u00fablico curtir\u00e1 o samba de D. Ivone Lara e Oswaldinho da Cu\u00edca, acompanhados por Arlindo Cruz e sua banda.<\/p>\n<p>Exposi\u00e7\u00e3o O que \u00e9 Consci\u00eancia Negra para Voc\u00ea?<\/p>\n<p>A cada ano, a Secretaria da Cultura desenvolve uma campanha de participa\u00e7\u00e3o popular, cujo resultado \u00e9 divulgado no M\u00eas da Consci\u00eancia Negra. O tema de 2010, O que \u00e9 Consci\u00eancia Negra para Voc\u00ea?, teve como objetivo estimular designers, publicit\u00e1rios, artistas pl\u00e1sticos, estudantes e o p\u00fablico em geral a produzir cartazes sobre o tema.<\/p>\n<p>&#8220;Depois de lembrar personalidades negras da nossa hist\u00f3ria, receber cartas sobre o racismo e o preconceito e mostrar a influ\u00eancia negra na vida brasileira por meio de fotos, a campanha d\u00e1 um passo \u00e0 frente. Convidamos os participantes a descrever, com imagens e palavras, o que falamos desde 2007&#8221;, diz o assessor para G\u00eaneros e Etnias da Secretaria, Leandro Rosa, ao relembrar as edi\u00e7\u00f5es anteriores da campanha.<\/p>\n<p>A campanha recebeu mais de 1.500 cartazes de maio a setembro, tanto pelo correio quanto pela internet. O resultado estar\u00e1 exposto a partir do dia 27 de novembro, no foyer do Audit\u00f3rio Simon Bol\u00edvar, do Memorial da Am\u00e9rica Latina. As 50 imagens escolhidas pela banca de especialistas e a mais votada pelo p\u00fablico, por meio do site, estar\u00e3o expostas no Memorial e far\u00e3o parte de um cat\u00e1logo, a ser publicado em janeiro.<\/p>\n<p>Encontro Paulista de Hip Hop<\/p>\n<p>Para encerrar as atividades da Campanha, a Secretaria promover\u00e1 no dia 27 de novembro o IV Encontro Paulista de Hip Hop, no Memorial da Am\u00e9rica Latina. Ser\u00e1 um dia todo dedicado \u00e0 Cultura Hip Hop, com oficinas, palestras, apresenta\u00e7\u00f5es de Low Riders e atividades relacionadas ao universo da Cultura Hip Hop. O evento vai das 11 \u00e0s 22 horas, com destaque para o show do rapper MV Bill, que tamb\u00e9m participa da discuss\u00e3o Do Gueto pros Mundos, no foyer do audit\u00f3rio Simon Bol\u00edvar, ao meio-dia.<\/p>\n<p>Ao longo do dia, diversos palestrantes se revezam no Memorial, como a atriz e cantora Fabiana Cozza e o rapper Kamau. O show de encerramento, a partir das 19h30, ser\u00e1 aberto pelo Dj Erick Jay &#8211; bicampe\u00e3o do DMC Brasil -, seguido de Descontrole e fechado por MV Bill.<\/p>\n<p>Servi\u00e7o<\/p>\n<p>Show da Consci\u00eancia Negra<br \/>\nPra\u00e7a da S\u00e9, s\/n\u00ba &#8211; Centro<br \/>\nS\u00e1bado, 20, das 12 \u00e0s 22 horas<br \/>\nGr\u00e1tis<\/p>\n<p>III Encontro Paulista de Hip-Hop<br \/>\nMemorial da Am\u00e9rica Latina &#8211; Rua Auro Soares de Moura Andrade, 664 &#8211; Barra Funda<br \/>\nS\u00e1bado, 27, das 11 \u00e0s 22 horas<br \/>\nGr\u00e1tis<\/p>\n<p>Da Secretaria da Cultura<\/p>\n","protected":false},"excerpt":{"rendered":"<p>Para festejar o m\u00eas da Consci\u00eancia Negra, a Secretaria da Cultura SP promove uma s\u00e9rie de atra\u00e7\u00f5es culturais gratuitas. O ponto alto das comemora\u00e7\u00f5es \u00e9 o j\u00e1 tradicional show na Pra\u00e7a da S\u00e9, neste s\u00e1bado, 20, com a presen\u00e7a de artistas como D. Ivone Lara, Oswaldinho da Cu\u00edca, Chico C\u00e9sar, EMICIDA, Funk como Le Gusta, [&hellip;]<\/p>\n","protected":false},"author":3,"featured_media":0,"comment_status":"open","ping_status":"open","sticky":false,"template":"","format":"standard","meta":{"_genesis_hide_title":false,"_genesis_hide_breadcrumbs":false,"_genesis_hide_singular_image":false,"_genesis_hide_footer_widgets":false,"_genesis_custom_body_class":"","_genesis_custom_post_class":"","_genesis_layout":"","_jetpack_memberships_contains_paid_content":false,"footnotes":""},"categories":[22],"tags":[],"class_list":{"0":"post-32426","1":"post","2":"type-post","3":"status-publish","4":"format-standard","6":"category-brasil","7":"entry","8":"gs-1","9":"gs-odd","10":"gs-even","11":"gs-featured-content-entry"},"jetpack_featured_media_url":"","jetpack_sharing_enabled":true,"jetpack_likes_enabled":true,"_links":{"self":[{"href":"https:\/\/www.redenoticia.com.br\/noticia\/wp-json\/wp\/v2\/posts\/32426","targetHints":{"allow":["GET"]}}],"collection":[{"href":"https:\/\/www.redenoticia.com.br\/noticia\/wp-json\/wp\/v2\/posts"}],"about":[{"href":"https:\/\/www.redenoticia.com.br\/noticia\/wp-json\/wp\/v2\/types\/post"}],"author":[{"embeddable":true,"href":"https:\/\/www.redenoticia.com.br\/noticia\/wp-json\/wp\/v2\/users\/3"}],"replies":[{"embeddable":true,"href":"https:\/\/www.redenoticia.com.br\/noticia\/wp-json\/wp\/v2\/comments?post=32426"}],"version-history":[{"count":0,"href":"https:\/\/www.redenoticia.com.br\/noticia\/wp-json\/wp\/v2\/posts\/32426\/revisions"}],"wp:attachment":[{"href":"https:\/\/www.redenoticia.com.br\/noticia\/wp-json\/wp\/v2\/media?parent=32426"}],"wp:term":[{"taxonomy":"category","embeddable":true,"href":"https:\/\/www.redenoticia.com.br\/noticia\/wp-json\/wp\/v2\/categories?post=32426"},{"taxonomy":"post_tag","embeddable":true,"href":"https:\/\/www.redenoticia.com.br\/noticia\/wp-json\/wp\/v2\/tags?post=32426"}],"curies":[{"name":"wp","href":"https:\/\/api.w.org\/{rel}","templated":true}]}}