{"id":32424,"date":"2010-11-17T09:42:44","date_gmt":"2010-11-17T13:42:44","guid":{"rendered":"http:\/\/www.redenoticia.com.br\/noticia\/?p=32424"},"modified":"2010-11-17T09:42:44","modified_gmt":"2010-11-17T13:42:44","slug":"comeca-hoje-o-1%c2%ba-congresso-paraolimpico-brasileiro","status":"publish","type":"post","link":"https:\/\/www.redenoticia.com.br\/noticia\/2010\/comeca-hoje-o-1%c2%ba-congresso-paraolimpico-brasileiro\/32424","title":{"rendered":"Come\u00e7a hoje o 1\u00ba Congresso Paraol\u00edmpico Brasileiro"},"content":{"rendered":"<p>Est\u00e1 tudo pronto para o 1\u00ba <strong><em>Congresso Paraol\u00edmpico Brasileiro<\/em><\/strong>, que ser\u00e1 realizado dias 19 e 20 de novembro, em Campinas (SP). O evento \u00e9 uma promo\u00e7\u00e3o do Comit\u00ea Paraol\u00edmpico Brasileiro (CPB), atrav\u00e9s da Academia Paraol\u00edmpica Brasileira (APB), em parceria com a Universidade Estadual de Campinas (UNICAMP), a Universidade Federal de S\u00e3o Paulo (UNIFESP) e a Universidade Federal de Uberl\u00e2ndia (UFU).<\/p>\n<p>Ser\u00e3o dois dias de cursos e discuss\u00f5es com profissionais nacionais e internacionais especializados em Esporte Paraol\u00edmpico. Ser\u00e3o abordados temas como a forma\u00e7\u00e3o de recursos humanos para o Esporte Paraol\u00edmpico, classifica\u00e7\u00e3o funcional e treinamento e avalia\u00e7\u00e3o em Esporte Paraol\u00edmpico.<\/p>\n<p>Al\u00e9m disso, hoje e amanh\u00e3 (dias 17 e 18), \u00e0 v\u00e9spera do Congresso, haver\u00e1 tr\u00eas cursos com convidados internacionais: Colin Higgs, do Conselho Internacional para Ci\u00eancia do Esporte e Educa\u00e7\u00e3o F\u00edsica, falar\u00e1 sobre o processo de forma\u00e7\u00e3o de jovens atletas; Marco Cardinale, da Associa\u00e7\u00e3o Ol\u00edmpica Brit\u00e2nica, abordar\u00e1 os princ\u00edpios de treinamento; e Peter Van de Vliet, diretor cient\u00edfico e m\u00e9dico do Comit\u00ea Paraol\u00edmpico Internacional (IPC), tratar\u00e1 dos princ\u00edpios da classifica\u00e7\u00e3o funcional.<\/p>\n<p>&#8220;Estamos muito confiantes no sucesso do 1\u00ba Congresso Paraol\u00edmpico Brasileiro devido ao alto n\u00edvel da organiza\u00e7\u00e3o&#8221;, ressaltou o presidente do CPB, Andrew Parsons.<\/p>\n<p>Outro indicativo apontado por Parsons como garantia de sucesso do Congresso foi a alta procura que as inscri\u00e7\u00f5es tiveram.  Em apenas dois dias de inscri\u00e7\u00f5es, mais de 180 pessoas de todo o pa\u00eds j\u00e1 haviam garantido sua participa\u00e7\u00e3o. As 500 vagas foram preenchidas em menos de um m\u00eas. Os cursos do Pr\u00e9-Congresso, que contar\u00e3o com especialistas internacionais, tamb\u00e9m tiveram suas inscri\u00e7\u00f5es esgotadas em apenas dois dias.<\/p>\n<p>&#8220;A grande procura \u00e9 uma prova de que havia uma demanda de eventos desse tipo, que discutam cientificamente o Esporte Paraol\u00edmpico, principalmente chancelados pelo CPB. Certamente dos trabalhos apresentados no Congresso surgir\u00e3o muitas novidades para o Esporte Paraol\u00edmpico, que nos apontar\u00e3o caminhos interessantes&#8221;.<\/p>\n<p>O coordenador da Academia Paraol\u00edmpica Brasileira e professor da Unicamp, Jos\u00e9 J\u00falio Gavi\u00e3o, destacou a continuidade da procura por vagas, mesmo ap\u00f3s as inscri\u00e7\u00f5es terem se encerrado.<\/p>\n<p>&#8220;Ainda existe uma grande dist\u00e2ncia entre a ci\u00eancia e a sociedade. Esse congresso mostra que os profissionais que trabalham diretamente com a sociedade est\u00e3o buscando essa aproxima\u00e7\u00e3o, que \u00e9 exatamente um dos objetivos do Congresso&#8221;, disse Gavi\u00e3o.<\/p>\n<p>O p\u00fablico alvo do 1\u00ba Congresso Paraol\u00edmpico Brasileiro s\u00e3o treinadores, classificadores funcionais, profissionais de \u00e1reas afins ao esporte paraol\u00edmpico, profissionais da \u00e1rea da sa\u00fade, professores e estudantes universit\u00e1rios.<\/p>\n<p>Cerca de 50 trabalhos de todo o pa\u00eds foram inscritos para serem apresentados durante o Congresso.<\/p>\n<p>&#8220;Esperamos conseguir atingir a comunidade paraol\u00edmpica no que ela mais precisa, que \u00e9 a divulga\u00e7\u00e3o de informa\u00e7\u00f5es, estudos, pesquisas&#8221;, explica o diretor t\u00e9cnico do CPB, Ed\u00edlson Alves Tubiba.<\/p>\n<p>Confira a programa\u00e7\u00e3o completa <a href=\"http:\/\/www.cpb.org.br\/comunicacao\/noticias\/Programao_Congresso_PDF.pdf\" target=\"_blank\">aqui<\/a>.<\/p>\n<p>Da Secretaria dos Direitos da Pessoa com Defici\u00eancia<\/p>\n","protected":false},"excerpt":{"rendered":"<p>Est\u00e1 tudo pronto para o 1\u00ba Congresso Paraol\u00edmpico Brasileiro, que ser\u00e1 realizado dias 19 e 20 de novembro, em Campinas (SP). O evento \u00e9 uma promo\u00e7\u00e3o do Comit\u00ea Paraol\u00edmpico Brasileiro (CPB), atrav\u00e9s da Academia Paraol\u00edmpica Brasileira (APB), em parceria com a Universidade Estadual de Campinas (UNICAMP), a Universidade Federal de S\u00e3o Paulo (UNIFESP) e a [&hellip;]<\/p>\n","protected":false},"author":3,"featured_media":0,"comment_status":"open","ping_status":"open","sticky":false,"template":"","format":"standard","meta":{"_genesis_hide_title":false,"_genesis_hide_breadcrumbs":false,"_genesis_hide_singular_image":false,"_genesis_hide_footer_widgets":false,"_genesis_custom_body_class":"","_genesis_custom_post_class":"","_genesis_layout":"","_jetpack_memberships_contains_paid_content":false,"footnotes":""},"categories":[22],"tags":[],"class_list":{"0":"post-32424","1":"post","2":"type-post","3":"status-publish","4":"format-standard","6":"category-brasil","7":"entry","8":"gs-1","9":"gs-odd","10":"gs-even","11":"gs-featured-content-entry"},"jetpack_featured_media_url":"","jetpack_sharing_enabled":true,"jetpack_likes_enabled":true,"_links":{"self":[{"href":"https:\/\/www.redenoticia.com.br\/noticia\/wp-json\/wp\/v2\/posts\/32424","targetHints":{"allow":["GET"]}}],"collection":[{"href":"https:\/\/www.redenoticia.com.br\/noticia\/wp-json\/wp\/v2\/posts"}],"about":[{"href":"https:\/\/www.redenoticia.com.br\/noticia\/wp-json\/wp\/v2\/types\/post"}],"author":[{"embeddable":true,"href":"https:\/\/www.redenoticia.com.br\/noticia\/wp-json\/wp\/v2\/users\/3"}],"replies":[{"embeddable":true,"href":"https:\/\/www.redenoticia.com.br\/noticia\/wp-json\/wp\/v2\/comments?post=32424"}],"version-history":[{"count":0,"href":"https:\/\/www.redenoticia.com.br\/noticia\/wp-json\/wp\/v2\/posts\/32424\/revisions"}],"wp:attachment":[{"href":"https:\/\/www.redenoticia.com.br\/noticia\/wp-json\/wp\/v2\/media?parent=32424"}],"wp:term":[{"taxonomy":"category","embeddable":true,"href":"https:\/\/www.redenoticia.com.br\/noticia\/wp-json\/wp\/v2\/categories?post=32424"},{"taxonomy":"post_tag","embeddable":true,"href":"https:\/\/www.redenoticia.com.br\/noticia\/wp-json\/wp\/v2\/tags?post=32424"}],"curies":[{"name":"wp","href":"https:\/\/api.w.org\/{rel}","templated":true}]}}