{"id":32412,"date":"2010-11-16T13:27:59","date_gmt":"2010-11-16T17:27:59","guid":{"rendered":"http:\/\/www.redenoticia.com.br\/noticia\/?p=32412"},"modified":"2010-11-16T13:27:59","modified_gmt":"2010-11-16T17:27:59","slug":"unifesp-promove-forum-para-integrar-pesquisadores","status":"publish","type":"post","link":"https:\/\/www.redenoticia.com.br\/noticia\/2010\/unifesp-promove-forum-para-integrar-pesquisadores\/32412","title":{"rendered":"Unifesp promove f\u00f3rum para integrar pesquisadores"},"content":{"rendered":"<p>A Unifesp (Universidade Federal de S\u00e3o Paulo) promove nos dias 23 e 24 de  novembro a segunda edi\u00e7\u00e3o do <strong><em>F\u00f3rum Integrador de Pesquisadores <\/em><\/strong>da institui\u00e7\u00e3o. O  objetivo do evento \u00e9 aproximar os pesquisadores de diversas \u00e1reas do  conhecimento que atuam nos cinco campi da Unifesp em S\u00e3o Paulo, Santos,  Guarulhos, S\u00e3o Jos\u00e9 dos Campos e Diadema.<\/p>\n<p>Trata-se de uma medida pioneira com a integra\u00e7\u00e3o das \u00e1reas de humanas, exatas  e biol\u00f3gicas buscando o interesse comum de fomentar o planejamento institucional  de apoio \u00e0 pesquisa.<\/p>\n<p>\u201cEntendemos ser fundamental a articula\u00e7\u00e3o de pesquisadores de diferentes  \u00e1reas em torno de tem\u00e1ticas espec\u00edficas para respondermos de forma eficaz aos  desafios da ci\u00eancia contempor\u00e2nea\u201d, diz o Pr\u00f3-Reitor de P\u00f3s-Gradua\u00e7\u00e3o e Pesquisa  da Unifesp, Prof. Dr. Arnaldo Lopes Colombo.<\/p>\n<p>\u201cA Unifesp deixou de ser uma universidade tem\u00e1tica na \u00e1rea da Sa\u00fade e hoje  re\u00fane todas as \u00e1reas de conhecimento. N\u00e3o podemos mais ter ilhas isoladas de  pesquisas. \u00c9 preciso dialogar com as diferentes \u00e1reas\u201d, diz a professora Dra.  Beatriz Amaral de Castilho, coordenadora da Comiss\u00e3o Organizadora do evento.  \u201cMuitas vezes, procuramos em outras institui\u00e7\u00f5es no Brasil e no exterior por uma  expertise que temos ao nosso lado dentro da pr\u00f3pria universidade\u201d, diz a  professora. Ao mesmo tempo, novas interfaces poder\u00e3o ser identificadas entre  pesquisadores dos diferentes campi.<\/p>\n<p>Em sua primeira edi\u00e7\u00e3o realizada em 2009, o f\u00f3rum reuniu cerca de 400  pesquisadores da institui\u00e7\u00e3o e teve importantes desdobramentos. \u201cDetectamos  demandas comuns entre diferentes \u00e1reas em rela\u00e7\u00e3o a necessidade dos mesmos  equipamentos, e ao contemplarmos essa realidade conseguimos obter substancial  financiamento e compra junto aos \u00f3rg\u00e3os de fomento\u201d, destaca Beatriz.<\/p>\n<p>A partir do f\u00f3rum realizado em 2009 tamb\u00e9m foi realizado o Simp\u00f3sio de  C\u00e9lulas-Tronco e Terapia Celular e G\u00eanica da Unifesp.<\/p>\n<p>Durantes os dois dias do evento ser\u00e3o realizadas mesas-redondas com 1h30 de  dura\u00e7\u00e3o e workshops tem\u00e1ticos com duas horas de dura\u00e7\u00e3o.<\/p>\n<p>A participa\u00e7\u00e3o \u00e9 gratuita e a programa\u00e7\u00e3o completa do f\u00f3rum est\u00e1  disponibilizada no site do evento (http:\/\/www.unifesp.br\/propgp\/fip\/).<\/p>\n<p>O II F\u00f3rum Integrador de Pesquisadores ser\u00e1 realizado no Edif\u00edcio dos  Anfiteatros da Unifesp, localizado a Rua Botucatu, 862, Vila Clementino, campus  S\u00e3o Paulo.<\/p>\n<p>A Unifesp possui atualmente 51 programas credenciados de p\u00f3s-gradua\u00e7\u00e3o, sendo  47 de mestrado acad\u00eamico e 4 de mestrado profissional, al\u00e9m de 40 programas de  doutorado. Estes programas re\u00fanem 3.342 alunos, sendo 229 alunos cursando o  P\u00f3s-Doutorado em 34 programas. Em 2009 foram publicados 2.538 artigos  cient\u00edficos produzidos na Unifesp.<\/p>\n","protected":false},"excerpt":{"rendered":"<p>A Unifesp (Universidade Federal de S\u00e3o Paulo) promove nos dias 23 e 24 de novembro a segunda edi\u00e7\u00e3o do F\u00f3rum Integrador de Pesquisadores da institui\u00e7\u00e3o. O objetivo do evento \u00e9 aproximar os pesquisadores de diversas \u00e1reas do conhecimento que atuam nos cinco campi da Unifesp em S\u00e3o Paulo, Santos, Guarulhos, S\u00e3o Jos\u00e9 dos Campos e [&hellip;]<\/p>\n","protected":false},"author":3,"featured_media":0,"comment_status":"open","ping_status":"open","sticky":false,"template":"","format":"standard","meta":{"_genesis_hide_title":false,"_genesis_hide_breadcrumbs":false,"_genesis_hide_singular_image":false,"_genesis_hide_footer_widgets":false,"_genesis_custom_body_class":"","_genesis_custom_post_class":"","_genesis_layout":"","_jetpack_memberships_contains_paid_content":false,"footnotes":""},"categories":[22],"tags":[],"class_list":{"0":"post-32412","1":"post","2":"type-post","3":"status-publish","4":"format-standard","6":"category-brasil","7":"entry","8":"gs-1","9":"gs-odd","10":"gs-even","11":"gs-featured-content-entry"},"jetpack_featured_media_url":"","jetpack_sharing_enabled":true,"jetpack_likes_enabled":true,"_links":{"self":[{"href":"https:\/\/www.redenoticia.com.br\/noticia\/wp-json\/wp\/v2\/posts\/32412","targetHints":{"allow":["GET"]}}],"collection":[{"href":"https:\/\/www.redenoticia.com.br\/noticia\/wp-json\/wp\/v2\/posts"}],"about":[{"href":"https:\/\/www.redenoticia.com.br\/noticia\/wp-json\/wp\/v2\/types\/post"}],"author":[{"embeddable":true,"href":"https:\/\/www.redenoticia.com.br\/noticia\/wp-json\/wp\/v2\/users\/3"}],"replies":[{"embeddable":true,"href":"https:\/\/www.redenoticia.com.br\/noticia\/wp-json\/wp\/v2\/comments?post=32412"}],"version-history":[{"count":0,"href":"https:\/\/www.redenoticia.com.br\/noticia\/wp-json\/wp\/v2\/posts\/32412\/revisions"}],"wp:attachment":[{"href":"https:\/\/www.redenoticia.com.br\/noticia\/wp-json\/wp\/v2\/media?parent=32412"}],"wp:term":[{"taxonomy":"category","embeddable":true,"href":"https:\/\/www.redenoticia.com.br\/noticia\/wp-json\/wp\/v2\/categories?post=32412"},{"taxonomy":"post_tag","embeddable":true,"href":"https:\/\/www.redenoticia.com.br\/noticia\/wp-json\/wp\/v2\/tags?post=32412"}],"curies":[{"name":"wp","href":"https:\/\/api.w.org\/{rel}","templated":true}]}}