{"id":32407,"date":"2010-11-16T13:00:58","date_gmt":"2010-11-16T17:00:58","guid":{"rendered":"http:\/\/www.redenoticia.com.br\/noticia\/?p=32407"},"modified":"2010-11-16T13:00:58","modified_gmt":"2010-11-16T17:00:58","slug":"virada-esportiva-2010-traz-atracoes-ineditas-e-radicais-para-sp","status":"publish","type":"post","link":"https:\/\/www.redenoticia.com.br\/noticia\/2010\/virada-esportiva-2010-traz-atracoes-ineditas-e-radicais-para-sp\/32407","title":{"rendered":"Virada Esportiva 2010 traz atra\u00e7\u00f5es in\u00e9ditas e radicais para SP"},"content":{"rendered":"<p>Os paulistanos j\u00e1 devem se preparar para ininterruptas 36h de atividades  esportivas na <strong><em>Virada Esportiva 2010<\/em><\/strong>. Este ano o evento acontece nos dias 20 e 21  de novembro, em diversos pontos da cidade. As atra\u00e7\u00f5es radicais prometem muita  emo\u00e7\u00e3o para o p\u00fablico presente. Ser\u00e3o 6 eventos dedicados para quem busca  adrenalina.<\/p>\n<p>Al\u00e9m de ver de perto grandes \u00eddolos dos esportes radicais, o p\u00fablico poder\u00e1  participar de muitas atividades. Os menores de 18 anos precisar\u00e3o da autoriza\u00e7\u00e3o  dos pais para a participa\u00e7\u00e3o em todas as atividades.<\/p>\n<p>O Vale do Anhangaba\u00fa ser\u00e1 transformado em um parque de divers\u00f5es radicais com  a Arena Radical nos dois dias de evento. S\u00e3o esperadas cerca de 30 mil pessoas  entre atletas e visitantes para participarem de atividades como: Tirolesa,  Rapel, Arena Jungle, Bungee Trampolim, Full pipe, Pebolin Humano, Giro M\u00e1ster,  Mega Parede de Alpinismo, Zor bing Ball, Surf Mec\u00e2nico, Tobog\u00e3o, Arena Parkour,  Pista de Snowboard, Half Pipe, Arena de Sumo, Simulador de Asa Delta, Arena de  Lutas, Slackline e Arena Extreme Street. A atra\u00e7\u00e3o acontece das 8h00 do dia 20  \u00e0s 16h00 do dia 21\/11. Ainda neste local, o p\u00fablico poder\u00e1 ver de perto no  s\u00e1bado as bandas: Erikka, Fake Number, Locomotrom e Caps Lock.<\/p>\n<p>O Parque da Independ\u00eancia no P\u00e1tio do Museu do Ipiranga ser\u00e1 o ponto de  encontro dos skatistas na Virada Esportiva. O Skate no Museu reunir\u00e1 os melhores  skatistas profissionais do Brasil, convidados especialmente para esse torneio no  dia 21\/11, das 9h00 \u00e0s 18h00. S\u00e3o esperadas cerca de 5 mil pessoas para  acompanhar as categorias: High Jump, High Ollie, Jump Ramp e Ollie Distance. A  ladeira estar\u00e1 livre para o p\u00fablico presente.<\/p>\n<p>O Air Show Festival ser\u00e1 uma inje\u00e7\u00e3o de adrenalina para o p\u00fablico no dia  21\/11, das 9h00 \u00e0s 17h00. Na Praia do Por do Sol, localizada na Represa de  Guarapiranga, ser\u00e1 poss\u00edvel acompanhar o s principais atletas de Swoop  (modalidade em que os praticantes descem velozmente com os p\u00e1ra-quedas abertos  at\u00e9 chegar bem perto do solo e deslizam a poucos cent\u00edmetros sobre a \u00e1gua). Ter\u00e1  tamb\u00e9m apresenta\u00e7\u00f5es de Heli Coaster (Preso a um motor o atleta \u00e9 suspenso a 40  metros de altura e faz manobras radicais). O p\u00fablico poder\u00e1 participar de:  Bungee Jump.<\/p>\n<p>Atra\u00e7\u00f5es para os amantes de motociclismo n\u00e3o ir\u00e3o faltar na Arena Duas Rodas.  Essa atra\u00e7\u00e3o acontece em dois locais, o show de moto Wheeling (com mais de 50  manobras diferentes), o Free Style motocross ser\u00e3o realizados no Vale do  Anhangaba\u00fa no dia 20\/11, das 20h00 \u00e0s 23h00. O show de Moto Trial acontece das  8h00 \u00e0s 17h00. J\u00e1 as apresenta\u00e7\u00f5es de MotoCross ser\u00e3o no dia 21\/11 na pista de  MXPark em Itaquera: Rua Professor Hasegawa, 420, das 8h00 \u00e0s 18h00. Para esse  evento tamb\u00e9m s\u00e3o esperadas cerca de 30 mil pessoas entre atletas e visitantes,  nos dois locais onde os eventos ser\u00e3o realizados.<\/p>\n<p>E para os que preferem esportes aqu\u00e1ticos e n\u00e1uticos o Guarapiranga Radical  ter\u00e1 Campeonato de Canoa Havaiana, Campeonato Paulista de Wakeboard\/Wakeskate \u2013  Best Trick e a Cl\u00ednica de Stand Up Paddle. Cerca de 5 mil pessoas s\u00e3o esperadas  para essa atra\u00e7\u00e3o nos dois dias de evento na praia do Sol da Represa de  Guarapiranga, das 10h00 \u00e0s 17h00.<\/p>\n<p>Os eventos s\u00e3o uma realiza\u00e7\u00e3o da Secretaria de Esportes da Prefeitura de S\u00e3o  Paulo e os eventos citados acima s\u00e3o organizados pela Liga de Esportes Radicais.  Secret\u00e1rio de Esportes, Lazer e Recrea\u00e7\u00e3o da cidade de S\u00e3o Paulo, Walter Feldman  e Coordenador da Virada Esportiva, Thiago Lobo.<\/p>\n","protected":false},"excerpt":{"rendered":"<p>Os paulistanos j\u00e1 devem se preparar para ininterruptas 36h de atividades esportivas na Virada Esportiva 2010. Este ano o evento acontece nos dias 20 e 21 de novembro, em diversos pontos da cidade. As atra\u00e7\u00f5es radicais prometem muita emo\u00e7\u00e3o para o p\u00fablico presente. Ser\u00e3o 6 eventos dedicados para quem busca adrenalina. Al\u00e9m de ver de [&hellip;]<\/p>\n","protected":false},"author":3,"featured_media":0,"comment_status":"open","ping_status":"open","sticky":false,"template":"","format":"standard","meta":{"_genesis_hide_title":false,"_genesis_hide_breadcrumbs":false,"_genesis_hide_singular_image":false,"_genesis_hide_footer_widgets":false,"_genesis_custom_body_class":"","_genesis_custom_post_class":"","_genesis_layout":"","_jetpack_memberships_contains_paid_content":false,"footnotes":""},"categories":[22],"tags":[],"class_list":{"0":"post-32407","1":"post","2":"type-post","3":"status-publish","4":"format-standard","6":"category-brasil","7":"entry","8":"gs-1","9":"gs-odd","10":"gs-even","11":"gs-featured-content-entry"},"jetpack_featured_media_url":"","jetpack_sharing_enabled":true,"jetpack_likes_enabled":true,"_links":{"self":[{"href":"https:\/\/www.redenoticia.com.br\/noticia\/wp-json\/wp\/v2\/posts\/32407","targetHints":{"allow":["GET"]}}],"collection":[{"href":"https:\/\/www.redenoticia.com.br\/noticia\/wp-json\/wp\/v2\/posts"}],"about":[{"href":"https:\/\/www.redenoticia.com.br\/noticia\/wp-json\/wp\/v2\/types\/post"}],"author":[{"embeddable":true,"href":"https:\/\/www.redenoticia.com.br\/noticia\/wp-json\/wp\/v2\/users\/3"}],"replies":[{"embeddable":true,"href":"https:\/\/www.redenoticia.com.br\/noticia\/wp-json\/wp\/v2\/comments?post=32407"}],"version-history":[{"count":0,"href":"https:\/\/www.redenoticia.com.br\/noticia\/wp-json\/wp\/v2\/posts\/32407\/revisions"}],"wp:attachment":[{"href":"https:\/\/www.redenoticia.com.br\/noticia\/wp-json\/wp\/v2\/media?parent=32407"}],"wp:term":[{"taxonomy":"category","embeddable":true,"href":"https:\/\/www.redenoticia.com.br\/noticia\/wp-json\/wp\/v2\/categories?post=32407"},{"taxonomy":"post_tag","embeddable":true,"href":"https:\/\/www.redenoticia.com.br\/noticia\/wp-json\/wp\/v2\/tags?post=32407"}],"curies":[{"name":"wp","href":"https:\/\/api.w.org\/{rel}","templated":true}]}}