{"id":32405,"date":"2010-11-16T12:26:01","date_gmt":"2010-11-16T16:26:01","guid":{"rendered":"http:\/\/www.redenoticia.com.br\/noticia\/?p=32405"},"modified":"2010-11-16T12:26:01","modified_gmt":"2010-11-16T16:26:01","slug":"horto-florestal-sp-tera-nova-identidade-visual","status":"publish","type":"post","link":"https:\/\/www.redenoticia.com.br\/noticia\/2010\/horto-florestal-sp-tera-nova-identidade-visual\/32405","title":{"rendered":"Horto Florestal SP ter\u00e1 nova identidade visual"},"content":{"rendered":"<div>\n<h3><span style=\"font-size: 13px;\"><span style=\"font-weight: normal;\">Ag\u00eancia FAPESP \u2013 a Secretaria de Estado do Meio Ambiente  e a Universidade Darmstadt de Ci\u00eancias Aplicadas, da Alemanha, assinaram um  termo de coopera\u00e7\u00e3o para desenvolver um <\/span><em>novo sistema de identidade visual para o  Horto Florestal <\/em><span style=\"font-weight: normal;\">(Parque Estadual Alberto L\u00f6fgren) e demais parques que formam a  Reserva da Biosfera do Cintur\u00e3o Verde da Cidade de S\u00e3o Paulo.<\/span><\/span><\/h3>\n<\/div>\n<div>\n<p>O protocolo foi assinado no dia 10 pelo secret\u00e1rio do Meio Ambiente, Pedro  Ubiratan Escorel de Azevedo, pelo diretor do Instituto Florestal, Rodrigo  Ant\u00f4nio Braga Moraes Victor, pelo presidente da Universidade Darmstadt, Ralph  Stengler, e pelo professor Christian Pfestorf. O evento contou com a presen\u00e7a do  c\u00f4nsul geral da Alemanha, Matthias Von Kummer, e do secret\u00e1rio estadual do  Com\u00e9rcio, Transportes e Desenvolvimento de Hesse (estado alem\u00e3o), Dieter Posch.<\/p>\n<p>\u201cA Alemanha \u00e9 um grande parceiro do Brasil e de S\u00e3o Paulo. A nova identidade  visual ajudar\u00e1 a atrair a popula\u00e7\u00e3o para os parques que formam o Cintur\u00e3o Verde.  \u00c9 preciso conhecer para preservar\u201d, disse Azevedo.<\/p>\n<p>Al\u00e9m do logo, ser\u00e1 modificada toda a sinaliza\u00e7\u00e3o dos parques para torn\u00e1-la  mais atrativa. Criada em 1994, a reserva abrange 73 munic\u00edpios em torno da  cidade de S\u00e3o Paulo.<\/p>\n<p>A \u00e1rea representa um complexo sistema de florestas, regi\u00f5es agr\u00edcolas, zonas  industriais e cidades, que compreende \u00e1reas protegidas estaduais como o Parque  da Serra do Mar, o Parque da Cantareira e o Horto Florestal.<\/p>\n<p>O Horto Florestal foi criado em 1896, pelo naturalista e bot\u00e2nico sueco  Alberto L\u00f6fgren. A biodiversidade do parque \u00e9 rica e representativa, com  importantes cole\u00e7\u00f5es arb\u00f3reas e muitas esp\u00e9cies ex\u00f3ticas como eucalipto e  pinheiro-do-brejo, e nativas como o pau-brasil, carvalho-nacional, pau-ferro e  jatob\u00e1.<\/p>\n<p>O parque conta ainda com um n\u00facleo de educa\u00e7\u00e3o ambiental onde desenvolve  v\u00e1rias atividades educativas com escolas e o p\u00fablico em geral.<\/p>\n<p>O acordo de coopera\u00e7\u00e3o vai al\u00e9m da cria\u00e7\u00e3o da nova identidade visual. \u201cA  parceria contemplar\u00e1 atividades de aplica\u00e7\u00e3o e desenvolvimento de programas  conjuntos de ensino e pesquisa\u201d, disse Stengler.<\/p>\n<p>Mais informa\u00e7\u00f5es: <a href=\"http:\/\/www.ambiente.sp.gov.br\/\" target=\"_blank\">www.ambiente.sp.gov.br<\/a><\/p>\n<\/div>\n","protected":false},"excerpt":{"rendered":"<p>Ag\u00eancia FAPESP \u2013 a Secretaria de Estado do Meio Ambiente e a Universidade Darmstadt de Ci\u00eancias Aplicadas, da Alemanha, assinaram um termo de coopera\u00e7\u00e3o para desenvolver um novo sistema de identidade visual para o Horto Florestal (Parque Estadual Alberto L\u00f6fgren) e demais parques que formam a Reserva da Biosfera do Cintur\u00e3o Verde da Cidade de [&hellip;]<\/p>\n","protected":false},"author":3,"featured_media":0,"comment_status":"open","ping_status":"open","sticky":false,"template":"","format":"standard","meta":{"_genesis_hide_title":false,"_genesis_hide_breadcrumbs":false,"_genesis_hide_singular_image":false,"_genesis_hide_footer_widgets":false,"_genesis_custom_body_class":"","_genesis_custom_post_class":"","_genesis_layout":"","_jetpack_memberships_contains_paid_content":false,"footnotes":""},"categories":[22],"tags":[],"class_list":{"0":"post-32405","1":"post","2":"type-post","3":"status-publish","4":"format-standard","6":"category-brasil","7":"entry","8":"gs-1","9":"gs-odd","10":"gs-even","11":"gs-featured-content-entry"},"jetpack_featured_media_url":"","jetpack_sharing_enabled":true,"jetpack_likes_enabled":true,"_links":{"self":[{"href":"https:\/\/www.redenoticia.com.br\/noticia\/wp-json\/wp\/v2\/posts\/32405","targetHints":{"allow":["GET"]}}],"collection":[{"href":"https:\/\/www.redenoticia.com.br\/noticia\/wp-json\/wp\/v2\/posts"}],"about":[{"href":"https:\/\/www.redenoticia.com.br\/noticia\/wp-json\/wp\/v2\/types\/post"}],"author":[{"embeddable":true,"href":"https:\/\/www.redenoticia.com.br\/noticia\/wp-json\/wp\/v2\/users\/3"}],"replies":[{"embeddable":true,"href":"https:\/\/www.redenoticia.com.br\/noticia\/wp-json\/wp\/v2\/comments?post=32405"}],"version-history":[{"count":0,"href":"https:\/\/www.redenoticia.com.br\/noticia\/wp-json\/wp\/v2\/posts\/32405\/revisions"}],"wp:attachment":[{"href":"https:\/\/www.redenoticia.com.br\/noticia\/wp-json\/wp\/v2\/media?parent=32405"}],"wp:term":[{"taxonomy":"category","embeddable":true,"href":"https:\/\/www.redenoticia.com.br\/noticia\/wp-json\/wp\/v2\/categories?post=32405"},{"taxonomy":"post_tag","embeddable":true,"href":"https:\/\/www.redenoticia.com.br\/noticia\/wp-json\/wp\/v2\/tags?post=32405"}],"curies":[{"name":"wp","href":"https:\/\/api.w.org\/{rel}","templated":true}]}}