{"id":32370,"date":"2010-11-12T16:47:07","date_gmt":"2010-11-12T20:47:07","guid":{"rendered":"http:\/\/www.redenoticia.com.br\/noticia\/?p=32370"},"modified":"2010-11-12T16:50:53","modified_gmt":"2010-11-12T20:50:53","slug":"passaredo-da-desconto-de-ate-85-no-preco-de-passagens","status":"publish","type":"post","link":"https:\/\/www.redenoticia.com.br\/noticia\/2010\/passaredo-da-desconto-de-ate-85-no-preco-de-passagens\/32370","title":{"rendered":"Passaredo d\u00e1 desconto de at\u00e9 85% no pre\u00e7o de passagens"},"content":{"rendered":"<p>Com proximidade de per\u00edodo de f\u00e9rias, companhia a\u00e9rea d\u00e1 desconto de at\u00e9 85% no pre\u00e7o de passagens &#8211; uma <strong><em>promo\u00e7\u00e3o da Passaredo<\/em><\/strong> Linhas A\u00e9reas, que ser\u00e1 lan\u00e7ada nesta sexta-feira,  dia 12, \u00e0s 12h00, vai permitir a compra de passagens com at\u00e9 85% de desconto.  V\u00e1rios trechos, entre os 20 destinos operados pela empresa, est\u00e3o com pre\u00e7os  especiais para viagens que podem ser realizadas at\u00e9 o dia 10 de dezembro.<\/p>\n<p>Os bilhetes promocionais podem ser adquiridos at\u00e9 a segunda-feira, dia  15 de novembro, pelo site da empresa ou direto com agentes de viagem.<\/p>\n<p>A Passaredo Linhas A\u00e9reas<\/p>\n<p>A Passaredo Linhas A\u00e9reas voa hoje com uma frota 100% nacional para 20  destinos; Uberl\u00e2ndia, Goi\u00e2nia, Recife, Cuiab\u00e1, Bras\u00edlia, Barreiras, Salvador,  Vit\u00f3ria da Conquista, S\u00e3o Paulo, Rio de Janeiro, Curitiba, Belo Horizonte, S\u00e3o  Jos\u00e9 do Rio Preto, Ji-Paran\u00e1, Mar\u00edlia, Presidente Prudente, Bauru, Porto Alegre,  Palmas e Ribeir\u00e3o Preto.<\/p>\n<p>Servi\u00e7o<\/p>\n<p>De 12 a 15 de novembro passageiros da Passaredo podem  adquirir trechos a\u00e9reos com descontos.<\/p>\n<p><a href=\"http:\/\/www.voepassaredo.com.br\/empresa\/site\/default_pop-up.asp\" target=\"_blank\">www.voepassaredo.com.br<\/a><\/p>\n","protected":false},"excerpt":{"rendered":"<p>Com proximidade de per\u00edodo de f\u00e9rias, companhia a\u00e9rea d\u00e1 desconto de at\u00e9 85% no pre\u00e7o de passagens &#8211; uma promo\u00e7\u00e3o da Passaredo Linhas A\u00e9reas, que ser\u00e1 lan\u00e7ada nesta sexta-feira, dia 12, \u00e0s 12h00, vai permitir a compra de passagens com at\u00e9 85% de desconto. V\u00e1rios trechos, entre os 20 destinos operados pela empresa, est\u00e3o com [&hellip;]<\/p>\n","protected":false},"author":3,"featured_media":0,"comment_status":"open","ping_status":"open","sticky":false,"template":"","format":"standard","meta":{"_genesis_hide_title":false,"_genesis_hide_breadcrumbs":false,"_genesis_hide_singular_image":false,"_genesis_hide_footer_widgets":false,"_genesis_custom_body_class":"","_genesis_custom_post_class":"","_genesis_layout":"","_jetpack_memberships_contains_paid_content":false,"footnotes":""},"categories":[22],"tags":[],"class_list":{"0":"post-32370","1":"post","2":"type-post","3":"status-publish","4":"format-standard","6":"category-brasil","7":"entry","8":"gs-1","9":"gs-odd","10":"gs-even","11":"gs-featured-content-entry"},"jetpack_featured_media_url":"","jetpack_sharing_enabled":true,"jetpack_likes_enabled":true,"_links":{"self":[{"href":"https:\/\/www.redenoticia.com.br\/noticia\/wp-json\/wp\/v2\/posts\/32370","targetHints":{"allow":["GET"]}}],"collection":[{"href":"https:\/\/www.redenoticia.com.br\/noticia\/wp-json\/wp\/v2\/posts"}],"about":[{"href":"https:\/\/www.redenoticia.com.br\/noticia\/wp-json\/wp\/v2\/types\/post"}],"author":[{"embeddable":true,"href":"https:\/\/www.redenoticia.com.br\/noticia\/wp-json\/wp\/v2\/users\/3"}],"replies":[{"embeddable":true,"href":"https:\/\/www.redenoticia.com.br\/noticia\/wp-json\/wp\/v2\/comments?post=32370"}],"version-history":[{"count":0,"href":"https:\/\/www.redenoticia.com.br\/noticia\/wp-json\/wp\/v2\/posts\/32370\/revisions"}],"wp:attachment":[{"href":"https:\/\/www.redenoticia.com.br\/noticia\/wp-json\/wp\/v2\/media?parent=32370"}],"wp:term":[{"taxonomy":"category","embeddable":true,"href":"https:\/\/www.redenoticia.com.br\/noticia\/wp-json\/wp\/v2\/categories?post=32370"},{"taxonomy":"post_tag","embeddable":true,"href":"https:\/\/www.redenoticia.com.br\/noticia\/wp-json\/wp\/v2\/tags?post=32370"}],"curies":[{"name":"wp","href":"https:\/\/api.w.org\/{rel}","templated":true}]}}