{"id":32361,"date":"2010-11-12T14:33:26","date_gmt":"2010-11-12T18:33:26","guid":{"rendered":"http:\/\/www.redenoticia.com.br\/noticia\/?p=32361"},"modified":"2010-11-12T14:33:26","modified_gmt":"2010-11-12T18:33:26","slug":"agenda-fe-curitiba-movimenta-o-feriado","status":"publish","type":"post","link":"https:\/\/www.redenoticia.com.br\/noticia\/2010\/agenda-fe-curitiba-movimenta-o-feriado\/32361","title":{"rendered":"Agenda &#8211; F\u00e9 Curitiba movimenta o feriado"},"content":{"rendered":"<p>Consolidado n\u00e3o s\u00f3 como um evento crist\u00e3o, mas tamb\u00e9m como um megashow, com  bandas gospel locais e nacionais, que tem os mais variados estilos musicais e  pregam a evangeliza\u00e7\u00e3o, a repress\u00e3o \u00e0s drogas e \u00e0 viol\u00eancia, o Movimento <strong><em>F\u00e9  Curitiba<\/em><\/strong> vai agitar a cidade com uma programa\u00e7\u00e3o repleta de atra\u00e7\u00f5es.<\/p>\n<p>A edi\u00e7\u00e3o deste ano ser\u00e1 realizada na pr\u00f3xima segunda-feira (15\/11), no  Curitiba Master Hall, e ser\u00e1 marcada pelo lan\u00e7amento do CD \u201cA Conquista\u201d de PG e  banda e do DVD do grupo Oficina G3 \u201cDepois da Guerra\u201d. Al\u00e9m disso, a abertura  dos shows ser\u00e1 com grupos musicais locais, que tem a oportunidade de divulgar o  seu trabalho em um espa\u00e7o conceituado de shows e para um grande p\u00fablico.<\/p>\n<p>Para marcar o in\u00edcio do F\u00e9 Curitiba 2010, nesta sexta-feira (12\/11) a partir  das 23 horas ser\u00e1 realizada a vig\u00edlia, \u201cCuritiba te quero sem drogas\u201d. Para  participar basta levar um quilo de alimento n\u00e3o perec\u00edvel at\u00e9 a Catedral da F\u00e9,  onde ser\u00e1 realizado este momento. E para preparar o p\u00fablico para os shows do  feriado, neste dia acontecer\u00e3o algumas apresenta\u00e7\u00f5es especiais com a cantora  Jamily, Gilson Campos, Gibi e Patricia Muller.<\/p>\n<p>Realizado h\u00e1 cinco anos na cidade, no ano passado o show contou com casa  cheia. Neste ano, o valor do ingresso \u00e9 de R$ 20,00, mais um quilo de alimento,  que deve ser entregue no Curitiba Master Hall no dia do evento. Os alimentos  arrecadados, na entrada da vig\u00edlia e com a venda dos ingressos, ser\u00e1 destinado  para casas de recupera\u00e7\u00e3o de dependentes de drogas.<\/p>\n<p>Servi\u00e7o:<\/p>\n<p>Movimento F\u00e9 Curitiba<\/p>\n<p>Local: Curitiba Master Hall<\/p>\n<p>Data: 15\/11\/2010<\/p>\n<p>Hor\u00e1rio: a partir das 14 horas<\/p>\n<p>Ingressos: R$20,00+ 1kg de alimento<\/p>\n<p>www.fecuritiba.com.br<\/p>\n<p>Programa\u00e7\u00e3o:<\/p>\n<p>12\/11<\/p>\n<p>23 horas \u2013 Vig\u00edlia \u2013 Curitiba te quero sem drogas! com os shows de Jamily,  Gilson Campos, Gibi e Gileade.<\/p>\n<p>15\/11<\/p>\n<p>14 horas \u2013 bandas locais<\/p>\n<p>19 horas \u2013 PG e banda<\/p>\n<p>21 horas \u2013 Oficina G3<\/p>\n","protected":false},"excerpt":{"rendered":"<p>Consolidado n\u00e3o s\u00f3 como um evento crist\u00e3o, mas tamb\u00e9m como um megashow, com bandas gospel locais e nacionais, que tem os mais variados estilos musicais e pregam a evangeliza\u00e7\u00e3o, a repress\u00e3o \u00e0s drogas e \u00e0 viol\u00eancia, o Movimento F\u00e9 Curitiba vai agitar a cidade com uma programa\u00e7\u00e3o repleta de atra\u00e7\u00f5es. A edi\u00e7\u00e3o deste ano ser\u00e1 [&hellip;]<\/p>\n","protected":false},"author":3,"featured_media":0,"comment_status":"open","ping_status":"open","sticky":false,"template":"","format":"standard","meta":{"_genesis_hide_title":false,"_genesis_hide_breadcrumbs":false,"_genesis_hide_singular_image":false,"_genesis_hide_footer_widgets":false,"_genesis_custom_body_class":"","_genesis_custom_post_class":"","_genesis_layout":"","_jetpack_memberships_contains_paid_content":false,"footnotes":""},"categories":[22],"tags":[],"class_list":{"0":"post-32361","1":"post","2":"type-post","3":"status-publish","4":"format-standard","6":"category-brasil","7":"entry","8":"gs-1","9":"gs-odd","10":"gs-even","11":"gs-featured-content-entry"},"jetpack_featured_media_url":"","jetpack_sharing_enabled":true,"jetpack_likes_enabled":true,"_links":{"self":[{"href":"https:\/\/www.redenoticia.com.br\/noticia\/wp-json\/wp\/v2\/posts\/32361","targetHints":{"allow":["GET"]}}],"collection":[{"href":"https:\/\/www.redenoticia.com.br\/noticia\/wp-json\/wp\/v2\/posts"}],"about":[{"href":"https:\/\/www.redenoticia.com.br\/noticia\/wp-json\/wp\/v2\/types\/post"}],"author":[{"embeddable":true,"href":"https:\/\/www.redenoticia.com.br\/noticia\/wp-json\/wp\/v2\/users\/3"}],"replies":[{"embeddable":true,"href":"https:\/\/www.redenoticia.com.br\/noticia\/wp-json\/wp\/v2\/comments?post=32361"}],"version-history":[{"count":0,"href":"https:\/\/www.redenoticia.com.br\/noticia\/wp-json\/wp\/v2\/posts\/32361\/revisions"}],"wp:attachment":[{"href":"https:\/\/www.redenoticia.com.br\/noticia\/wp-json\/wp\/v2\/media?parent=32361"}],"wp:term":[{"taxonomy":"category","embeddable":true,"href":"https:\/\/www.redenoticia.com.br\/noticia\/wp-json\/wp\/v2\/categories?post=32361"},{"taxonomy":"post_tag","embeddable":true,"href":"https:\/\/www.redenoticia.com.br\/noticia\/wp-json\/wp\/v2\/tags?post=32361"}],"curies":[{"name":"wp","href":"https:\/\/api.w.org\/{rel}","templated":true}]}}