{"id":32360,"date":"2010-11-12T17:04:10","date_gmt":"2010-11-12T21:04:10","guid":{"rendered":"http:\/\/www.redenoticia.com.br\/noticia\/?p=32360"},"modified":"2010-11-13T13:14:03","modified_gmt":"2010-11-13T17:14:03","slug":"meteorologia-%e2%80%93-previsao-do-tempo-para-este-sabado-1311","status":"publish","type":"post","link":"https:\/\/www.redenoticia.com.br\/noticia\/2010\/meteorologia-%e2%80%93-previsao-do-tempo-para-este-sabado-1311\/32360","title":{"rendered":"Meteorologia \u2013 previs\u00e3o do tempo para este s\u00e1bado 13\/11"},"content":{"rendered":"<p><img loading=\"lazy\" decoding=\"async\" class=\"alignleft size-full wp-image-28410\" title=\"previsao do tempo temperatura\" src=\"https:\/\/www.redenoticia.com.br\/noticia\/imagens\/previsao-do-tempo-temperatura.jpg\" alt=\"\" width=\"300\" height=\"193\" srcset=\"https:\/\/www.redenoticia.com.br\/noticia\/imagens\/previsao-do-tempo-temperatura.jpg 300w, https:\/\/www.redenoticia.com.br\/noticia\/imagens\/previsao-do-tempo-temperatura-250x160.jpg 250w, https:\/\/www.redenoticia.com.br\/noticia\/imagens\/previsao-do-tempo-temperatura-150x96.jpg 150w\" sizes=\"auto, (max-width: 300px) 100vw, 300px\" \/><\/p>\n<p>Previs\u00e3o do tempo \u2013 a <strong><em>meteorologia<\/em><\/strong> divulgou a <strong><em>previs\u00e3o do tempo<\/em><\/strong> e <strong><em>temperatura<\/em><\/strong> para este s\u00e1bado (13\/11) e informa que o calor e a alta umidade provocar\u00e3o muita nebulosidade e pancadas de chuva nas Regi\u00f5es Norte, Centro-Oeste e em MG. Segundo a previs\u00e3o do tempo no ES, RJ e litoral norte paulista haver\u00e1 muitas nuvens e chuva isolada a qualquer hora. Dados da previs\u00e3o do tempo indicam que em grande parte da Regi\u00e3o Nordeste o dia ter\u00e1 sol e poucas nuvens, apenas no sul e centro da BA \u00e9 que o tempo ficar\u00e1 inst\u00e1vel. A previs\u00e3o do tempo destaca que no RS o sol predominar\u00e1. Nas demais \u00e1reas do pa\u00eds o dia ser\u00e1 de sol entre nebulosidade vari\u00e1vel e com pancadas de chuva. As temperaturas estar\u00e3o est\u00e1veis.<\/p>\n<p>Vale do Para\u00edba \u2013 previs\u00e3o do tempo em 13\/11, haver\u00e1 muitas nuvens, curtos per\u00edodos de sol e chuvas fracas e isoladas em algumas \u00e1reas entre a Serra do Mar e a Serra da Mantiqueira. No Litoral Norte chover\u00e1 de maneira intermitente ao longo do dia. As temperaturas estar\u00e3o est\u00e1veis.<\/p>\n<p>Regi\u00e3o Centro-Oeste \u2013 previs\u00e3o do tempo em 13\/11\/2010: No sul de MS: sol e poucas nuvens. No sudoeste do MT, centro-oeste e leste do MS: pancadas de chuva. Nas demais \u00e1reas da Regi\u00e3o: nublado com pancadas de chuva. Temperaturas est\u00e1veis. Temperatura M\u00e1xima: 36C no norte do MS. Temperatura M\u00ednima: 18C no DF.<\/p>\n<p>Regi\u00e3o Nordeste \u2013 previs\u00e3o do tempo em 13\/11\/2010: No leste do MA e sudeste do PI: sol, varia\u00e7\u00e3o de nuvens e pancadas de chuva a tarde. No sul e leste da BA: tempo inst\u00e1vel. No oeste da BA: nublado com pancadas de chuva. Nas demais \u00e1reas da Regi\u00e3o: sol e poucas nuvens. Temperaturas est\u00e1veis. Temperatura m\u00e1xima: 38C no norte e interior do PI. Temperatura m\u00ednima: 18C no sul da BA.<\/p>\n<p>Regi\u00e3o Norte \u2013 previs\u00e3o do tempo em 13\/11\/2010: No nordeste do AP, leste do PA e norte do TO: sol, nebulosidade vari\u00e1vel e pancadas de chuva a tarde. No norte do PA e demais \u00e1reas do AP: possibilidade de pancadas de chuva. No noroeste do PA: pancadas de chuva. No sudoeste de AM e no AC: pancadas de chuva a tarde. Nas demais \u00e1reas da Regi\u00e3o: nublado com pancadas de chuva. Temperaturas est\u00e1veis. Temperatura m\u00e1xima: 36C no leste do PA. Temperatura m\u00ednima: 15C no norte de RR.<\/p>\n<p>Regi\u00e3o Sudeste \u2013 previs\u00e3o do tempo em 13\/11\/2010: No sudeste de SP: muitas nuvens e chuva isolada. No ES e RJ: dia de chuva. Em MG e norte de SP: nublado com pancadas de chuva. No oeste de SP: sol e poucas nuvens. Nas demais \u00e1reas de SP: dia nublado. Temperaturas baixas no leste de SP, no centro-sul do RJ e sudeste de MG. Temperatura m\u00e1xima: 32C no Tri\u00e2ngulo Mineiro. Temperatura m\u00ednima: 14C no centro-leste de SP.<\/p>\n<p>Regi\u00e3o Sul \u2013 previs\u00e3o do tempo em 13\/11\/2010: Na faixa litor\u00e2nea do PR e litoral norte de SC: muita nebulosidade e chuva isolada. No centro-oeste do PR, faixa central de SC, nordeste do RS e litoral do RS: sol e poucas nuvens. Nas demais \u00e1reas do RS e oeste de SC: predom\u00ednio de sol. Nas demais \u00e1reas: dia nublado. Temperaturas amenas no leste da Regi\u00e3o. Temperatura m\u00e1xima: 30C no oeste do PR. Temperatura m\u00ednima: 07C nas \u00e1reas de Serra.<\/p>\n<p>Previs\u00e3o do tempo e temperatura CPTEC<\/p>\n","protected":false},"excerpt":{"rendered":"<p>Previs\u00e3o do tempo \u2013 a meteorologia divulgou a previs\u00e3o do tempo e temperatura para este s\u00e1bado (13\/11) e informa que o calor e a alta umidade provocar\u00e3o muita nebulosidade e pancadas de chuva nas Regi\u00f5es Norte, Centro-Oeste e em MG. Segundo a previs\u00e3o do tempo no ES, RJ e litoral norte paulista haver\u00e1 muitas nuvens [&hellip;]<\/p>\n","protected":false},"author":3,"featured_media":28410,"comment_status":"open","ping_status":"open","sticky":false,"template":"","format":"standard","meta":{"_genesis_hide_title":false,"_genesis_hide_breadcrumbs":false,"_genesis_hide_singular_image":false,"_genesis_hide_footer_widgets":false,"_genesis_custom_body_class":"","_genesis_custom_post_class":"","_genesis_layout":"","_jetpack_memberships_contains_paid_content":false,"footnotes":""},"categories":[22],"tags":[],"class_list":{"0":"post-32360","1":"post","2":"type-post","3":"status-publish","4":"format-standard","5":"has-post-thumbnail","7":"category-brasil","8":"entry","9":"gs-1","10":"gs-odd","11":"gs-even","12":"gs-featured-content-entry"},"jetpack_featured_media_url":"https:\/\/www.redenoticia.com.br\/noticia\/imagens\/previsao-do-tempo-temperatura.jpg","jetpack_sharing_enabled":true,"jetpack_likes_enabled":true,"_links":{"self":[{"href":"https:\/\/www.redenoticia.com.br\/noticia\/wp-json\/wp\/v2\/posts\/32360","targetHints":{"allow":["GET"]}}],"collection":[{"href":"https:\/\/www.redenoticia.com.br\/noticia\/wp-json\/wp\/v2\/posts"}],"about":[{"href":"https:\/\/www.redenoticia.com.br\/noticia\/wp-json\/wp\/v2\/types\/post"}],"author":[{"embeddable":true,"href":"https:\/\/www.redenoticia.com.br\/noticia\/wp-json\/wp\/v2\/users\/3"}],"replies":[{"embeddable":true,"href":"https:\/\/www.redenoticia.com.br\/noticia\/wp-json\/wp\/v2\/comments?post=32360"}],"version-history":[{"count":0,"href":"https:\/\/www.redenoticia.com.br\/noticia\/wp-json\/wp\/v2\/posts\/32360\/revisions"}],"wp:featuredmedia":[{"embeddable":true,"href":"https:\/\/www.redenoticia.com.br\/noticia\/wp-json\/wp\/v2\/media\/28410"}],"wp:attachment":[{"href":"https:\/\/www.redenoticia.com.br\/noticia\/wp-json\/wp\/v2\/media?parent=32360"}],"wp:term":[{"taxonomy":"category","embeddable":true,"href":"https:\/\/www.redenoticia.com.br\/noticia\/wp-json\/wp\/v2\/categories?post=32360"},{"taxonomy":"post_tag","embeddable":true,"href":"https:\/\/www.redenoticia.com.br\/noticia\/wp-json\/wp\/v2\/tags?post=32360"}],"curies":[{"name":"wp","href":"https:\/\/api.w.org\/{rel}","templated":true}]}}