{"id":32351,"date":"2010-11-11T13:11:49","date_gmt":"2010-11-11T17:11:49","guid":{"rendered":"http:\/\/www.redenoticia.com.br\/noticia\/?p=32351"},"modified":"2010-11-11T13:11:49","modified_gmt":"2010-11-11T17:11:49","slug":"abertas-inscricoes-para-a-volkswagen-run-2010","status":"publish","type":"post","link":"https:\/\/www.redenoticia.com.br\/noticia\/2010\/abertas-inscricoes-para-a-volkswagen-run-2010\/32351","title":{"rendered":"Abertas inscri\u00e7\u00f5es para a Volkswagen Run 2010"},"content":{"rendered":"<p>A Volkswagen do Brasil abre inscri\u00e7\u00f5es para a 4\u00aa edi\u00e7\u00e3o da <strong><em>Volkswagen Run  2010<\/em><\/strong>, \u00fanica corrida de pedestrianismo do Brasil realizada dentro de uma f\u00e1brica  de autom\u00f3veis. Marcada para 5 de dezembro na unidade da Anchieta, em S\u00e3o  Bernardo do Campo, a prova ter\u00e1 percurso de 10 quil\u00f4metros entre as linhas de  montagem final da fam\u00edlia Polo, Novo Gol e Nova Saveiro e as ruas externas da  planta.<\/p>\n<p>A Volkswagen Run 2010 ter\u00e1 4 mil vagas, sendo 3.500 para o p\u00fablico em  geral e as demais para colaboradores da Volkswagen do Brasil. A inscri\u00e7\u00e3o pode  ser feita no site www.vw.com.br\/vwrun, e custa R$ 70,00. A premia\u00e7\u00e3o ser\u00e1 de R$  30 mil, al\u00e9m do sorteio de um ve\u00edculo zero quil\u00f4metro da marca Volkswagen.<\/p>\n<p>Todos os inscritos receber\u00e3o um kit personalizado da Track &amp; Field com o  logotipo da Volkswagen Run, composto por camiseta de corrida, meias, bon\u00e9 e  sacola. Al\u00e9m disso, os atletas que finalizarem a corrida em at\u00e9 1h45 ganhar\u00e3o  tamb\u00e9m uma camiseta especial p\u00f3s-corrida.<\/p>\n<p>A Volkswagen Run atrai atletas  experientes do Pa\u00eds e do exterior e corredores amadores. Com essa a\u00e7\u00e3o, a  Volkswagen do Brasil se aproxima ainda mais deste p\u00fablico esportista e das  pessoas que passam na Via Anchieta e t\u00eam a curiosidade de saber como \u00e9 a f\u00e1brica  por dentro. As quatro primeiras edi\u00e7\u00f5es tiveram a participa\u00e7\u00e3o de 15.500  corredores.<\/p>\n<p>Na edi\u00e7\u00e3o do ano passado, os colaboradores da Volkswagen mais  r\u00e1pidos foram o reparador de ve\u00edculos Marcos Carvalho e a controladora  estat\u00edstica de processos Fabr\u00edcia Sousa. Entre os profissionais, os vencedores  foram o tanzaniano Martin Sulle (categoria masculina) e a queniana Eunice  Jepkirui Kirwa (categoria feminina), que percorreram os 10 km da prova em  28min51seg e 34min04seg, respectivamente.<\/p>\n<p><em>Volkswagen Run 2010<\/em><br \/>\nInscri\u00e7\u00f5es pelo site: <a href=\"http:\/\/www.vw.com.br\/vwrun\" target=\"_blank\">www.vw.com.br\/vwrun<\/a><br \/>\nValor: R$ 70,00<\/p>\n<p>Volkswagen do Brasil<br \/>\nAssuntos Corporativos e Rela\u00e7\u00f5es com a Imprensa<\/p>\n","protected":false},"excerpt":{"rendered":"<p>A Volkswagen do Brasil abre inscri\u00e7\u00f5es para a 4\u00aa edi\u00e7\u00e3o da Volkswagen Run 2010, \u00fanica corrida de pedestrianismo do Brasil realizada dentro de uma f\u00e1brica de autom\u00f3veis. Marcada para 5 de dezembro na unidade da Anchieta, em S\u00e3o Bernardo do Campo, a prova ter\u00e1 percurso de 10 quil\u00f4metros entre as linhas de montagem final da [&hellip;]<\/p>\n","protected":false},"author":3,"featured_media":0,"comment_status":"open","ping_status":"open","sticky":false,"template":"","format":"standard","meta":{"_genesis_hide_title":false,"_genesis_hide_breadcrumbs":false,"_genesis_hide_singular_image":false,"_genesis_hide_footer_widgets":false,"_genesis_custom_body_class":"","_genesis_custom_post_class":"","_genesis_layout":"","_jetpack_memberships_contains_paid_content":false,"footnotes":""},"categories":[22],"tags":[],"class_list":{"0":"post-32351","1":"post","2":"type-post","3":"status-publish","4":"format-standard","6":"category-brasil","7":"entry","8":"gs-1","9":"gs-odd","10":"gs-even","11":"gs-featured-content-entry"},"jetpack_featured_media_url":"","jetpack_sharing_enabled":true,"jetpack_likes_enabled":true,"_links":{"self":[{"href":"https:\/\/www.redenoticia.com.br\/noticia\/wp-json\/wp\/v2\/posts\/32351","targetHints":{"allow":["GET"]}}],"collection":[{"href":"https:\/\/www.redenoticia.com.br\/noticia\/wp-json\/wp\/v2\/posts"}],"about":[{"href":"https:\/\/www.redenoticia.com.br\/noticia\/wp-json\/wp\/v2\/types\/post"}],"author":[{"embeddable":true,"href":"https:\/\/www.redenoticia.com.br\/noticia\/wp-json\/wp\/v2\/users\/3"}],"replies":[{"embeddable":true,"href":"https:\/\/www.redenoticia.com.br\/noticia\/wp-json\/wp\/v2\/comments?post=32351"}],"version-history":[{"count":0,"href":"https:\/\/www.redenoticia.com.br\/noticia\/wp-json\/wp\/v2\/posts\/32351\/revisions"}],"wp:attachment":[{"href":"https:\/\/www.redenoticia.com.br\/noticia\/wp-json\/wp\/v2\/media?parent=32351"}],"wp:term":[{"taxonomy":"category","embeddable":true,"href":"https:\/\/www.redenoticia.com.br\/noticia\/wp-json\/wp\/v2\/categories?post=32351"},{"taxonomy":"post_tag","embeddable":true,"href":"https:\/\/www.redenoticia.com.br\/noticia\/wp-json\/wp\/v2\/tags?post=32351"}],"curies":[{"name":"wp","href":"https:\/\/api.w.org\/{rel}","templated":true}]}}