{"id":32333,"date":"2010-11-10T17:06:59","date_gmt":"2010-11-10T21:06:59","guid":{"rendered":"http:\/\/www.redenoticia.com.br\/noticia\/?p=32333"},"modified":"2010-11-11T16:27:28","modified_gmt":"2010-11-11T20:27:28","slug":"meteorologia-%e2%80%93-previsao-do-tempo-para-esta-quinta-feira-1110","status":"publish","type":"post","link":"https:\/\/www.redenoticia.com.br\/noticia\/2010\/meteorologia-%e2%80%93-previsao-do-tempo-para-esta-quinta-feira-1110\/32333","title":{"rendered":"Meteorologia \u2013 previs\u00e3o do tempo para esta quinta-feira 11\/11"},"content":{"rendered":"<p><img loading=\"lazy\" decoding=\"async\" class=\"alignleft size-full wp-image-28410\" title=\"previsao do tempo temperatura\" src=\"https:\/\/www.redenoticia.com.br\/noticia\/imagens\/previsao-do-tempo-temperatura.jpg\" alt=\"\" width=\"300\" height=\"193\" srcset=\"https:\/\/www.redenoticia.com.br\/noticia\/imagens\/previsao-do-tempo-temperatura.jpg 300w, https:\/\/www.redenoticia.com.br\/noticia\/imagens\/previsao-do-tempo-temperatura-250x160.jpg 250w, https:\/\/www.redenoticia.com.br\/noticia\/imagens\/previsao-do-tempo-temperatura-150x96.jpg 150w\" sizes=\"auto, (max-width: 300px) 100vw, 300px\" \/><\/p>\n<p>Previs\u00e3o do tempo \u2013 a <strong><em>meteorologia<\/em><\/strong> divulgou a <strong><em>previs\u00e3o do tempo<\/em><\/strong> e <strong><em>temperatura<\/em><\/strong> para esta quinta-feira (11\/11) e informa que a frente fria avan\u00e7ar\u00e1 pelo oceano at\u00e9 o sul do ES e provocar\u00e1 pancadas de chuva neste Estado e tamb\u00e9m em MG. Segundo a previs\u00e3o do tempo o dia ficar\u00e1 com muitas nuvens e chuva isolada na faixa leste que vai do PR ao sul do RJ e tamb\u00e9m no litoral leste da Regi\u00e3o Nordeste. Dados da previs\u00e3o do tempo indicam que o dia ter\u00e1 pancadas de chuva tamb\u00e9m em grande parte do Centro-Oeste e Norte do pa\u00eds. \u00a0A previs\u00e3o do tempo destaca que a massa de ar seco garantir\u00e1 predom\u00ednio de sol em grande parte do Sul do pa\u00eds e a temperatura ficar\u00e1 baixa. Inclusive haver\u00e1 chance de geada na Serra Ga\u00facha e Catarinense.<\/p>\n<p>Vale do Para\u00edba \u2013 previs\u00e3o do tempo em 11\/11, persistir\u00e1 o tempo inst\u00e1vel, com muita nebulosidade chuvas intermitentes no Litoral Norte e chuvas isoladas nas demais \u00e1reas da regi\u00e3o. A temperatura m\u00e1xima estar\u00e1 seguir\u00e1 em decl\u00ednio.<\/p>\n<p>Regi\u00e3o Centro-Oeste \u2013 previs\u00e3o do tempo em 11\/11\/2010: No extremo centro-oeste do MT: pancadas de chuva \u00e0 partir da tarde. No sudoeste do MS e do MT: dia de sol. No extremo sul do MT, noroeste e faixa centro-sudeste do MS: sol e varia\u00e7\u00e3o de nuvens. Nas demais \u00e1reas da Regi\u00e3o: sol entre nebulosidade vari\u00e1vel e com pancadas de chuva. Temperaturas est\u00e1veis. Temperatura M\u00e1xima: 36C no norte do MT. Temperatura M\u00ednima: 10C no sudeste do MS.<\/p>\n<p>Regi\u00e3o Nordeste \u2013 previs\u00e3o do tempo em 11\/11\/2010: No norte do MA, no norte do CE e no RN: pequena chance de pancadas de chuva. No centro-sul da BA: pancadas de chuva \u00e0 tarde. Na faixa leste da Regi\u00e3o: chuva isolada. Nas demais \u00e1reas do MA e PI, CE, RN, oeste da PB, PE e norte da BA: sol e poucas nuvens. Nas demais \u00e1reas da Regi\u00e3o: pancadas de chuva \u00e0 tarde. Temperaturas est\u00e1veis. Temperatura m\u00e1xima: 38C no norte e interior do PI. Temperatura m\u00ednima: 18C no interior da BA.<\/p>\n<p>Regi\u00e3o Norte \u2013 previs\u00e3o do tempo em 11\/11\/2010: No centro-leste do AC, sudoeste de RO: dia de sol. No centro-leste de RO, centro-oeste e norte do AP e no sudeste do TO: pancadas de chuva \u00e0 partir da tarde. No leste do AP, do TO e nordeste do PA: sol e poucas nuvens. Nas demais \u00e1reas da Regi\u00e3o: pancadas de chuva. Temperaturas est\u00e1veis. Temperatura m\u00e1xima: 38C no interior do PA. Temperatura m\u00ednima: 18C no noroeste de RR.<\/p>\n<p>Regi\u00e3o Sudeste \u2013 previs\u00e3o do tempo em 11\/11\/2010: No centro-oeste de SP: pequena chance de pancadas de chuva. Na faixa leste de SP: chuva isolada. No sudoeste e centro-sul de SP: sol e varia\u00e7\u00e3o de nuvens. No litoral norte paulista e sul do RJ: muitas nuvens e chuva. No extremo norte de MG: pancadas de chuva \u00e0 partir da tarde. Nas demais \u00e1reas da Regi\u00e3o: sol, nebulosidade vari\u00e1vel e pancadas de chuva. Temperaturas baixas no leste da Regi\u00e3o. Temperatura m\u00e1xima: 30C no norte do ES. Temperatura m\u00ednima: 14C no centro-leste de SP.<\/p>\n<p>Regi\u00e3o Sul \u2013 previs\u00e3o do tempo em 11\/11\/2010: No centro-norte e sudeste do PR e faixa leste de SC: sol e varia\u00e7\u00e3o de nuvens. No litoral do PR e de SC: chuva isolada. Nas demais \u00e1reas da Regi\u00e3o: dia de sol. Temperaturas baixas na Regi\u00e3o. Possibilidade de geada nas serras ga\u00fachas e catarinenses. Temperatura m\u00e1xima: 26C no centro-oeste do PR. Temperatura m\u00ednima: 02C nas \u00e1reas de Serra.<\/p>\n<p>Previs\u00e3o do tempo e temperatura CPTEC<\/p>\n","protected":false},"excerpt":{"rendered":"<p>Previs\u00e3o do tempo \u2013 a meteorologia divulgou a previs\u00e3o do tempo e temperatura para esta quinta-feira (11\/11) e informa que a frente fria avan\u00e7ar\u00e1 pelo oceano at\u00e9 o sul do ES e provocar\u00e1 pancadas de chuva neste Estado e tamb\u00e9m em MG. Segundo a previs\u00e3o do tempo o dia ficar\u00e1 com muitas nuvens e chuva [&hellip;]<\/p>\n","protected":false},"author":3,"featured_media":28410,"comment_status":"open","ping_status":"open","sticky":false,"template":"","format":"standard","meta":{"_genesis_hide_title":false,"_genesis_hide_breadcrumbs":false,"_genesis_hide_singular_image":false,"_genesis_hide_footer_widgets":false,"_genesis_custom_body_class":"","_genesis_custom_post_class":"","_genesis_layout":"","_jetpack_memberships_contains_paid_content":false,"footnotes":""},"categories":[22],"tags":[],"class_list":{"0":"post-32333","1":"post","2":"type-post","3":"status-publish","4":"format-standard","5":"has-post-thumbnail","7":"category-brasil","8":"entry","9":"gs-1","10":"gs-odd","11":"gs-even","12":"gs-featured-content-entry"},"jetpack_featured_media_url":"https:\/\/www.redenoticia.com.br\/noticia\/imagens\/previsao-do-tempo-temperatura.jpg","jetpack_sharing_enabled":true,"jetpack_likes_enabled":true,"_links":{"self":[{"href":"https:\/\/www.redenoticia.com.br\/noticia\/wp-json\/wp\/v2\/posts\/32333","targetHints":{"allow":["GET"]}}],"collection":[{"href":"https:\/\/www.redenoticia.com.br\/noticia\/wp-json\/wp\/v2\/posts"}],"about":[{"href":"https:\/\/www.redenoticia.com.br\/noticia\/wp-json\/wp\/v2\/types\/post"}],"author":[{"embeddable":true,"href":"https:\/\/www.redenoticia.com.br\/noticia\/wp-json\/wp\/v2\/users\/3"}],"replies":[{"embeddable":true,"href":"https:\/\/www.redenoticia.com.br\/noticia\/wp-json\/wp\/v2\/comments?post=32333"}],"version-history":[{"count":0,"href":"https:\/\/www.redenoticia.com.br\/noticia\/wp-json\/wp\/v2\/posts\/32333\/revisions"}],"wp:featuredmedia":[{"embeddable":true,"href":"https:\/\/www.redenoticia.com.br\/noticia\/wp-json\/wp\/v2\/media\/28410"}],"wp:attachment":[{"href":"https:\/\/www.redenoticia.com.br\/noticia\/wp-json\/wp\/v2\/media?parent=32333"}],"wp:term":[{"taxonomy":"category","embeddable":true,"href":"https:\/\/www.redenoticia.com.br\/noticia\/wp-json\/wp\/v2\/categories?post=32333"},{"taxonomy":"post_tag","embeddable":true,"href":"https:\/\/www.redenoticia.com.br\/noticia\/wp-json\/wp\/v2\/tags?post=32333"}],"curies":[{"name":"wp","href":"https:\/\/api.w.org\/{rel}","templated":true}]}}