{"id":32326,"date":"2010-11-10T12:31:53","date_gmt":"2010-11-10T16:31:53","guid":{"rendered":"http:\/\/www.redenoticia.com.br\/noticia\/?p=32326"},"modified":"2010-11-10T12:31:53","modified_gmt":"2010-11-10T16:31:53","slug":"o-que-muda-com-a-aprovacao-do-plano-nacional-de-cultura","status":"publish","type":"post","link":"https:\/\/www.redenoticia.com.br\/noticia\/2010\/o-que-muda-com-a-aprovacao-do-plano-nacional-de-cultura\/32326","title":{"rendered":"O que muda com a aprova\u00e7\u00e3o do Plano Nacional de Cultura"},"content":{"rendered":"<p>Imediatamente ap\u00f3s o presidente Luiz In\u00e1cio Lula da Silva sancionar a lei que institui o <strong><em>Plano Nacional de Cultura (PNC)<\/em><\/strong>, aprovado nesta ter\u00e7a-feira (9), por unanimidade, pela Comiss\u00e3o de Educa\u00e7\u00e3o, Cultura e Esporte do Senado Federal, o Minist\u00e9rio da Cultura (MinC) ter\u00e1 180 dias para estabelecer metas para implementar de seus objetivos. Nesse mesmo prazo, dever\u00e1 criar o Conselho e a coordena\u00e7\u00e3o-executiva do Plano. Com a promulga\u00e7\u00e3o do PNC, o Sistema Nacional de Informa\u00e7\u00f5es e Indicadores Culturais (SNIIC) ser\u00e1 a principal ferramenta de acompanhamento metas estipuladas pelo MinC.<\/p>\n<p>O SNIIC j\u00e1 est\u00e1 em desenvolvimento tecnol\u00f3gico e consistir\u00e1 em uma ampla base de dados e indicadores culturais, que vai abranger informa\u00e7\u00f5es sobre equipamentos culturais, grupos art\u00edsticos, \u00f3rg\u00e3os gestores da cultura, conselhos municipais, editais, economia da cultura, estudos e pesquisas sobre o setor cultural, entre outros. Ser\u00e1 uma plataforma essencial ao compartilhamento de informa\u00e7\u00f5es da cultura entre o setor privado e os governos federal, estadual e municipal. O Sistema tamb\u00e9m vai gerar indicadores da gest\u00e3o p\u00fablica, permitindo o conhecimento e a intera\u00e7\u00e3o da sociedade civil com as a\u00e7\u00f5es e pol\u00edticas.<\/p>\n<p>O PNC traz as diretrizes a serem seguidas pelos estados e munic\u00edpios para criarem seus pr\u00f3prios planos de cultura. A ades\u00e3o, por\u00e9m, n\u00e3o \u00e9 autom\u00e1tica ou obrigat\u00f3ria. O MinC ir\u00e1 criar protocolos de ades\u00e3o para esses entes federativos e ent\u00e3o subsidiar com consultoria t\u00e9cnica e apoio or\u00e7ament\u00e1rio a elabora\u00e7\u00e3o desses planos.<\/p>\n<p>As linguagens art\u00edsticas tamb\u00e9m ir\u00e3o elaborar planos para seus setores. Os colegiados setoriais ligados ao Conselho Nacional de Pol\u00edtica Cultural ser\u00e3o respons\u00e1veis por isso. M\u00fasica, Teatro, Dan\u00e7a, Circo, Museus, Culturas Populares e Culturas Ind\u00edgenas j\u00e1 t\u00eam planos.<br \/>\nOs 13 princ\u00edpios do PNC s\u00e3o:<br \/>\n&#8211; Liberdade de express\u00e3o, cria\u00e7\u00e3o e frui\u00e7\u00e3o<br \/>\n&#8211; Diversidade cultural<br \/>\n&#8211; Respeito aos direitos humanos<br \/>\n&#8211; Direito de todos \u00e0 arte e \u00e0 cultura<br \/>\n&#8211; Direito \u00e0 informa\u00e7\u00e3o, \u00e0 comunica\u00e7\u00e3o e \u00e0 cr\u00edtica cultural<br \/>\n&#8211; Direito \u00e0 mem\u00f3ria e \u00e0s tradi\u00e7\u00f5es<br \/>\n&#8211; Responsabilidade socioambiental<br \/>\n&#8211; Valoriza\u00e7\u00e3o da cultura como vetor do desenvolvimento sustent\u00e1vel<br \/>\n&#8211; Democratiza\u00e7\u00e3o das inst\u00e2ncias de formula\u00e7\u00e3o das pol\u00edticas culturais<br \/>\n&#8211; Responsabilidade dos agentes p\u00fablicos pela implementa\u00e7\u00e3o das pol\u00edticas culturais<br \/>\n&#8211; Colabora\u00e7\u00e3o entre agentes p\u00fablicos e privados para o desenvolvimento da economia da cultura<br \/>\n&#8211; Participa\u00e7\u00e3o e controle social na formula\u00e7\u00e3o e acompanhamento das pol\u00edticas culturais<br \/>\nOs objetivos do Plano Nacional de Cultura<\/p>\n<p>I \u2013 reconhecer e valorizar a diversidade cultural, \u00e9tnica e regional brasileira;<\/p>\n<p>II \u2013 proteger e promover o patrim\u00f4nio hist\u00f3rico e art\u00edstico, material e imaterial;<\/p>\n<p>III \u2013 valorizar e difundir as cria\u00e7\u00f5es art\u00edsticas e os bens culturais;<\/p>\n<p>IV \u2013 promover o direito \u00e0 mem\u00f3ria por meio dos museus, arquivos e cole\u00e7\u00f5es;<\/p>\n<p>V \u2013 universalizar o acesso \u00e0 arte e \u00e0 cultura;<\/p>\n<p>VI \u2013 estimular a presen\u00e7a da arte e da cultura no ambiente educacional;<\/p>\n<p>VII \u2013 estimular o pensamento cr\u00edtico e reflexivo em torno dos valores simb\u00f3licos;<\/p>\n<p>VIII \u2013 estimular a sustentabilidade socioambiental;<\/p>\n<p>IX \u2013 desenvolver a economia da cultura, o mercado interno, o consumo cultural e a exporta\u00e7\u00e3o de bens, servi\u00e7os e conte\u00fados culturais;<\/p>\n<p>X \u2013 reconhecer os saberes, conhecimentos e express\u00f5es tradicionais e os direitos de seus detentores;<\/p>\n<p>XI \u2013 qualificar a gest\u00e3o na \u00e1rea cultural nos setores p\u00fablico e privado;<\/p>\n<p>XII \u2013 profissionalizar e especializar os agentes e gestores culturais;<\/p>\n<p>XIII \u2013 descentralizar a implementa\u00e7\u00e3o das pol\u00edticas p\u00fablicas de cultura;<\/p>\n<p>XIV \u2013 consolidar processos de consulta e participa\u00e7\u00e3o da sociedade na formula\u00e7\u00e3o das pol\u00edticas culturais;<\/p>\n<p>XV \u2013 ampliar a presen\u00e7a e o interc\u00e2mbio da cultura brasileira no mundo contempor\u00e2neo;<\/p>\n<p>XVI \u2013 articular e integrar sistemas de gest\u00e3o cultural.<\/p>\n","protected":false},"excerpt":{"rendered":"<p>Imediatamente ap\u00f3s o presidente Luiz In\u00e1cio Lula da Silva sancionar a lei que institui o Plano Nacional de Cultura (PNC), aprovado nesta ter\u00e7a-feira (9), por unanimidade, pela Comiss\u00e3o de Educa\u00e7\u00e3o, Cultura e Esporte do Senado Federal, o Minist\u00e9rio da Cultura (MinC) ter\u00e1 180 dias para estabelecer metas para implementar de seus objetivos. Nesse mesmo prazo, [&hellip;]<\/p>\n","protected":false},"author":3,"featured_media":0,"comment_status":"open","ping_status":"open","sticky":false,"template":"","format":"standard","meta":{"_genesis_hide_title":false,"_genesis_hide_breadcrumbs":false,"_genesis_hide_singular_image":false,"_genesis_hide_footer_widgets":false,"_genesis_custom_body_class":"","_genesis_custom_post_class":"","_genesis_layout":"","_jetpack_memberships_contains_paid_content":false,"footnotes":""},"categories":[22],"tags":[],"class_list":{"0":"post-32326","1":"post","2":"type-post","3":"status-publish","4":"format-standard","6":"category-brasil","7":"entry","8":"gs-1","9":"gs-odd","10":"gs-even","11":"gs-featured-content-entry"},"jetpack_featured_media_url":"","jetpack_sharing_enabled":true,"jetpack_likes_enabled":true,"_links":{"self":[{"href":"https:\/\/www.redenoticia.com.br\/noticia\/wp-json\/wp\/v2\/posts\/32326","targetHints":{"allow":["GET"]}}],"collection":[{"href":"https:\/\/www.redenoticia.com.br\/noticia\/wp-json\/wp\/v2\/posts"}],"about":[{"href":"https:\/\/www.redenoticia.com.br\/noticia\/wp-json\/wp\/v2\/types\/post"}],"author":[{"embeddable":true,"href":"https:\/\/www.redenoticia.com.br\/noticia\/wp-json\/wp\/v2\/users\/3"}],"replies":[{"embeddable":true,"href":"https:\/\/www.redenoticia.com.br\/noticia\/wp-json\/wp\/v2\/comments?post=32326"}],"version-history":[{"count":0,"href":"https:\/\/www.redenoticia.com.br\/noticia\/wp-json\/wp\/v2\/posts\/32326\/revisions"}],"wp:attachment":[{"href":"https:\/\/www.redenoticia.com.br\/noticia\/wp-json\/wp\/v2\/media?parent=32326"}],"wp:term":[{"taxonomy":"category","embeddable":true,"href":"https:\/\/www.redenoticia.com.br\/noticia\/wp-json\/wp\/v2\/categories?post=32326"},{"taxonomy":"post_tag","embeddable":true,"href":"https:\/\/www.redenoticia.com.br\/noticia\/wp-json\/wp\/v2\/tags?post=32326"}],"curies":[{"name":"wp","href":"https:\/\/api.w.org\/{rel}","templated":true}]}}