{"id":32317,"date":"2010-11-09T16:23:37","date_gmt":"2010-11-09T20:23:37","guid":{"rendered":"http:\/\/www.redenoticia.com.br\/noticia\/?p=32317"},"modified":"2010-11-10T13:23:02","modified_gmt":"2010-11-10T17:23:02","slug":"meteorologia-%e2%80%93-previsao-do-tempo-para-esta-quarta-feira-1011","status":"publish","type":"post","link":"https:\/\/www.redenoticia.com.br\/noticia\/2010\/meteorologia-%e2%80%93-previsao-do-tempo-para-esta-quarta-feira-1011\/32317","title":{"rendered":"Meteorologia \u2013 previs\u00e3o do tempo para esta quarta-feira 10\/11"},"content":{"rendered":"<p><img loading=\"lazy\" decoding=\"async\" class=\"alignleft size-full wp-image-28409\" title=\"previsao do tempo e temperatura\" src=\"https:\/\/www.redenoticia.com.br\/noticia\/imagens\/previsao-do-tempo-e-temperatura.jpg\" alt=\"\" width=\"300\" height=\"193\" srcset=\"https:\/\/www.redenoticia.com.br\/noticia\/imagens\/previsao-do-tempo-e-temperatura.jpg 300w, https:\/\/www.redenoticia.com.br\/noticia\/imagens\/previsao-do-tempo-e-temperatura-250x160.jpg 250w, https:\/\/www.redenoticia.com.br\/noticia\/imagens\/previsao-do-tempo-e-temperatura-150x96.jpg 150w\" sizes=\"auto, (max-width: 300px) 100vw, 300px\" \/>Previs\u00e3o do tempo \u2013 a <strong><em>meteorologia<\/em><\/strong> divulgou a <strong><em>previs\u00e3o do tempo<\/em><\/strong> e <strong><em>temperatura<\/em><\/strong> para esta quarta-feira (09\/11) e informa que a frente fria dever\u00e1 se deslocar pelo centro-sul do pa\u00eds e favorecer\u00e1 ao aumento de nebulosidade e ocorr\u00eancia de chuva em SC, no PR, em MT, SP e no RJ. Em algumas localidades poder\u00e1 chover forte. Segundo a previs\u00e3o do tempo no centro-leste de SC e no centro do PR a chuva ocorrer\u00e1 pela manh\u00e3. Espera-se pancadas de chuva a partir da tarde no sul de MG e do RJ. Dados da previs\u00e3o do tempo indicam que essa frente fria dever\u00e1 atingir tamb\u00e9m o AC e sul de RO, onde poder\u00e1 se caracterizar um evento de &#8220;friagem&#8221;. A previs\u00e3o do tempo destaca que o tempo ficar\u00e1 inst\u00e1vel no litoral que vai da BA a PB. No RS, oeste de SC, do PR e de MS o sol predominar\u00e1 e as temperaturas estar\u00e3o em decl\u00ednio.<\/p>\n<p>Vale do Para\u00edba \u2013 previs\u00e3o do tempo em 10\/11, haver\u00e1 aumento significativo de nuvens em toda regi\u00e3o. No Litoral Norte o dia ficar\u00e1 com chuva intermitente ao longo do dia, e nas demais \u00e1reas da regi\u00e3o ocorrer\u00e3o pancadas de chuva a qualquer hora do dia. A temperatura m\u00e1xima sofrer\u00e1 decl\u00ednio.<\/p>\n<p>Regi\u00e3o Centro-Oeste \u2013 previs\u00e3o do tempo em 10\/11\/2010: No leste de GO e no DF: pancadas de chuva \u00e0 tarde. No oeste e sul do MS: dia de sol. Nas demais \u00e1reas da Regi\u00e3o: sol entre nebulosidade vari\u00e1vel e com pancadas de chuva. Temperaturas amenas no oeste do MT e no MS. Temperatura M\u00e1xima: 36C no noroeste do MS. Temperatura M\u00ednima: 14C no extremo sudeste do MS.<\/p>\n<p>Regi\u00e3o Nordeste \u2013 previs\u00e3o do tempo em 10\/11\/2010: No sudoeste da BA: pancadas de chuva \u00e0 tarde. No sul da BA: inst\u00e1vel. No sudeste da BA: nublado. No leste da Regi\u00e3o: nublado e possibilidade de chuva. Nas demais \u00e1reas da Regi\u00e3o: sol e poucas nuvens. Temperaturas est\u00e1veis. Temperatura m\u00e1xima: 38C no norte e interior do PI. Temperatura m\u00ednima: 18C no interior da BA.<\/p>\n<p>Regi\u00e3o Norte \u2013 previs\u00e3o do tempo em 10\/11\/2010: No sul de RO: nublado. No norte do AP: pequena chance de pancadas de chuva. No oeste e sul do AP e nordeste do PA e sul de TO: pancada de chuva \u00e0 tarde. No norte do TO: sol e poucas nuvens. Nas demais \u00e1reas da Regi\u00e3o: pancadas de chuva. Temperaturas est\u00e1veis. Temperatura m\u00e1xima: 38C no interior do PA. Temperatura m\u00ednima: 18C no noroeste de RR.<\/p>\n<p>Regi\u00e3o Sudeste \u2013 previs\u00e3o do tempo em 10\/11\/2010: No leste de SP: chuva. No centro-sul e oeste de SP: pancadas de chuva. No norte de MG: nublado. No leste e nordeste de MG: possibilidade de chuva a tarde. No ES e norte do RJ: sol e varia\u00e7\u00e3o de nuvens. Nas demais \u00e1reas da Regi\u00e3o: pancadas de chuva \u00e0 partir da tarde. Temperaturas m\u00e1ximas em queda no leste de SP. Temperatura m\u00e1xima: 34C no nordeste de SP. Temperatura m\u00ednima: 18C no sul de MG.<\/p>\n<p>Regi\u00e3o Sul \u2013 previs\u00e3o do tempo em 10\/11\/2010: No leste do RS: sol e poucas nuvens. Na faixa litor\u00e2nea do PR e nordeste de SC: muitas nuvens e chuva. No norte e nordeste do PR: pancadas de chuva. No noroeste e centro sul do PR, na maior parte de SC e nordeste do RS: chuva pela manh\u00e3. Nas demais \u00e1reas da Regi\u00e3o: dia de sol. Temperaturas m\u00e1ximas baixas na Regi\u00e3o. Temperatura m\u00e1xima: 26C no norte do PR. Temperatura m\u00ednima: 05C nas \u00e1reas de Serra.<\/p>\n<p>Previs\u00e3o do tempo e temperatura CPTEC<\/p>\n","protected":false},"excerpt":{"rendered":"<p>Previs\u00e3o do tempo \u2013 a meteorologia divulgou a previs\u00e3o do tempo e temperatura para esta quarta-feira (09\/11) e informa que a frente fria dever\u00e1 se deslocar pelo centro-sul do pa\u00eds e favorecer\u00e1 ao aumento de nebulosidade e ocorr\u00eancia de chuva em SC, no PR, em MT, SP e no RJ. Em algumas localidades poder\u00e1 chover [&hellip;]<\/p>\n","protected":false},"author":3,"featured_media":28409,"comment_status":"open","ping_status":"open","sticky":false,"template":"","format":"standard","meta":{"_genesis_hide_title":false,"_genesis_hide_breadcrumbs":false,"_genesis_hide_singular_image":false,"_genesis_hide_footer_widgets":false,"_genesis_custom_body_class":"","_genesis_custom_post_class":"","_genesis_layout":"","_jetpack_memberships_contains_paid_content":false,"footnotes":""},"categories":[22],"tags":[],"class_list":{"0":"post-32317","1":"post","2":"type-post","3":"status-publish","4":"format-standard","5":"has-post-thumbnail","7":"category-brasil","8":"entry","9":"gs-1","10":"gs-odd","11":"gs-even","12":"gs-featured-content-entry"},"jetpack_featured_media_url":"https:\/\/www.redenoticia.com.br\/noticia\/imagens\/previsao-do-tempo-e-temperatura.jpg","jetpack_sharing_enabled":true,"jetpack_likes_enabled":true,"_links":{"self":[{"href":"https:\/\/www.redenoticia.com.br\/noticia\/wp-json\/wp\/v2\/posts\/32317","targetHints":{"allow":["GET"]}}],"collection":[{"href":"https:\/\/www.redenoticia.com.br\/noticia\/wp-json\/wp\/v2\/posts"}],"about":[{"href":"https:\/\/www.redenoticia.com.br\/noticia\/wp-json\/wp\/v2\/types\/post"}],"author":[{"embeddable":true,"href":"https:\/\/www.redenoticia.com.br\/noticia\/wp-json\/wp\/v2\/users\/3"}],"replies":[{"embeddable":true,"href":"https:\/\/www.redenoticia.com.br\/noticia\/wp-json\/wp\/v2\/comments?post=32317"}],"version-history":[{"count":0,"href":"https:\/\/www.redenoticia.com.br\/noticia\/wp-json\/wp\/v2\/posts\/32317\/revisions"}],"wp:featuredmedia":[{"embeddable":true,"href":"https:\/\/www.redenoticia.com.br\/noticia\/wp-json\/wp\/v2\/media\/28409"}],"wp:attachment":[{"href":"https:\/\/www.redenoticia.com.br\/noticia\/wp-json\/wp\/v2\/media?parent=32317"}],"wp:term":[{"taxonomy":"category","embeddable":true,"href":"https:\/\/www.redenoticia.com.br\/noticia\/wp-json\/wp\/v2\/categories?post=32317"},{"taxonomy":"post_tag","embeddable":true,"href":"https:\/\/www.redenoticia.com.br\/noticia\/wp-json\/wp\/v2\/tags?post=32317"}],"curies":[{"name":"wp","href":"https:\/\/api.w.org\/{rel}","templated":true}]}}