{"id":32315,"date":"2010-11-09T15:16:55","date_gmt":"2010-11-09T19:16:55","guid":{"rendered":"http:\/\/www.redenoticia.com.br\/noticia\/?p=32315"},"modified":"2010-11-09T15:16:55","modified_gmt":"2010-11-09T19:16:55","slug":"livro-sobre-centenario-do-corinthians-tera-noite-de-autografos","status":"publish","type":"post","link":"https:\/\/www.redenoticia.com.br\/noticia\/2010\/livro-sobre-centenario-do-corinthians-tera-noite-de-autografos\/32315","title":{"rendered":"Livro sobre centen\u00e1rio do Corinthians ter\u00e1 noite de aut\u00f3grafos"},"content":{"rendered":"<p>S\u00f3crates, Rivelino, Marcelinho Carioca, Neto e muitos outros craques e \u00eddolos que fizeram e fazem a hist\u00f3ria de 100 anos do time do Parque S\u00e3o Jorge t\u00eam seus gols lembrados em ilustra\u00e7\u00f5es. Editada pela Imprensa Oficial, obra ser\u00e1 assinada pelo autor, Silvio Sano, nesta quinta-feira, 11 de novembro, na Livraria da Vila da Fradique Coutinho.\u00a0Uma maneira diferente de registrar alguns dos mais importantes gols do time que \u00e9 mais que um time, \u00e9 quase uma religi\u00e3o para milh\u00f5es de \u201cloucos\u201d, \u201csofredores\u201d, torcedores fervorosos e apaixonados. Desde o primeiro, em 1910, at\u00e9 o de n\u00famero 10 mil, marcado por Dentinho em 2010, ano do centen\u00e1rio. \u201c<strong><em>Corinthians 100 anos<\/em><\/strong><em> <\/em>\u2013 Gols ilustrados\u201d traz desenhos de muitos gols e tamb\u00e9m de algumas importantes defesas feitas por goleiros como Tuffy, Gylmar dos Santos Neves, Ronaldo, Dida e Felipe. As ilustra\u00e7\u00f5es e os textos que os contextualizam s\u00e3o assinados pelo arquiteto Silvio Sano, a partir de seu hobby de adolesc\u00eancia, e a edi\u00e7\u00e3o da obra \u00e9 da Imprensa Oficial do Estado de S\u00e3o Paulo. O autor far\u00e1 uma noite de aut\u00f3grafos nesta quinta-feira (11 de novembro), a partir das 19 horas, na Livraria da Vila \u2013 R. Fradique Coutinho, 915.<\/p>\n<p>Ao contr\u00e1rio do tento marcado h\u00e1 exatos 100 anos, no segundo jogo oficial da equipe e \u201ctestemunhado\u201d por poucas pessoas \u2013 menos ainda est\u00e3o vivas para contar \u2013, o feito de Dentinho contra o Santo Andr\u00e9 foi visto por milhares de pessoas no est\u00e1dio e por outras tantas em todo o mundo, pela televis\u00e3o. Entre o long\u00ednquo primeiro e o de n\u00famero 10 mil, muitos outros s\u00e3o lembrados pelo tra\u00e7o de Sano.<\/p>\n<p>\u201cCorinthians 100 Ilustrado \u00e9 um livro leve, l\u00e9pido e solto, como os melhores atacantes que passaram pela hist\u00f3ria do clube. Descontra\u00eddo como uma pelada de rua, jogada com bola de meia e p\u00e9s descal\u00e7os, e l\u00fadico como um jogo de futebol de bot\u00e3o, jogado com o av\u00f4 no quintal de casa\u201d, afirma Hubert Alqu\u00e9res, presidente da Imprensa Oficial, na apresenta\u00e7\u00e3o da obra.<\/p>\n<p>Os cap\u00edtulos foram divididos de acordo com os campeonatos, come\u00e7ando por \u201cO primeiro gol\u201d. Em \u201cUm gol por t\u00edtulo\u201d foram selecionados gols de cada Campeonato Paulista, Torneio Rio-S\u00e3o Paulo, Copa do Brasil e Campeonato Brasileiro conquistados. \u201cCampeonato Mundial Interclubes da Fifa\u201d, considerado por muitos corintianos como o mais importante t\u00edtulo de sua hist\u00f3ria, mostra um gol de Ed\u00edlson contra o Real Madri. \u201cAlguns gols marcantes\u201d apresenta exemplos memor\u00e1veis para o autor, como o de Paulo Borges contra o Santos, em 1968, que determinou o fim do tabu de 11 anos contra o time de Pel\u00e9.<\/p>\n<p>\u201cA vez dos goleiros\u201d traz defesas de goleiros que fizeram hist\u00f3ria no alvinegro. A sele\u00e7\u00e3o desta parte \u00e9 do jornalista Celso Unzelte e tem tamb\u00e9m um desenho com 10 zagueiros indicados por ele, \u201ca fim de que pud\u00e9ssemos fazer um pouco de justi\u00e7a \u00e0queles que t\u00eam menos oportunidades para marcarem gols e, por consequ\u00eancia, aparecerem nas estat\u00edsticas do clube, ou de sua pr\u00f3pria hist\u00f3ria\u201d, explica o autor.<\/p>\n<p>Corintianos \u201ccomuns\u201d t\u00eam sua vez em \u201cGols inesquec\u00edveis\u201d, com depoimentos acompanhados da ilustra\u00e7\u00e3o da jogada, feita por Sano. O \u00faltimo cap\u00edtulo \u00e9 \u201cDo meu caderno de adolesc\u00eancia\u201d, com cinco \u201creleituras\u201d de ilustra\u00e7\u00f5es (e os desenhos originais) feitas pelo autor em um caderno quando tinha 15 anos de idade.<\/p>\n","protected":false},"excerpt":{"rendered":"<p>S\u00f3crates, Rivelino, Marcelinho Carioca, Neto e muitos outros craques e \u00eddolos que fizeram e fazem a hist\u00f3ria de 100 anos do time do Parque S\u00e3o Jorge t\u00eam seus gols lembrados em ilustra\u00e7\u00f5es. Editada pela Imprensa Oficial, obra ser\u00e1 assinada pelo autor, Silvio Sano, nesta quinta-feira, 11 de novembro, na Livraria da Vila da Fradique Coutinho.\u00a0Uma [&hellip;]<\/p>\n","protected":false},"author":3,"featured_media":0,"comment_status":"open","ping_status":"open","sticky":false,"template":"","format":"standard","meta":{"_genesis_hide_title":false,"_genesis_hide_breadcrumbs":false,"_genesis_hide_singular_image":false,"_genesis_hide_footer_widgets":false,"_genesis_custom_body_class":"","_genesis_custom_post_class":"","_genesis_layout":"","_jetpack_memberships_contains_paid_content":false,"footnotes":""},"categories":[22],"tags":[],"class_list":{"0":"post-32315","1":"post","2":"type-post","3":"status-publish","4":"format-standard","6":"category-brasil","7":"entry","8":"gs-1","9":"gs-odd","10":"gs-even","11":"gs-featured-content-entry"},"jetpack_featured_media_url":"","jetpack_sharing_enabled":true,"jetpack_likes_enabled":true,"_links":{"self":[{"href":"https:\/\/www.redenoticia.com.br\/noticia\/wp-json\/wp\/v2\/posts\/32315","targetHints":{"allow":["GET"]}}],"collection":[{"href":"https:\/\/www.redenoticia.com.br\/noticia\/wp-json\/wp\/v2\/posts"}],"about":[{"href":"https:\/\/www.redenoticia.com.br\/noticia\/wp-json\/wp\/v2\/types\/post"}],"author":[{"embeddable":true,"href":"https:\/\/www.redenoticia.com.br\/noticia\/wp-json\/wp\/v2\/users\/3"}],"replies":[{"embeddable":true,"href":"https:\/\/www.redenoticia.com.br\/noticia\/wp-json\/wp\/v2\/comments?post=32315"}],"version-history":[{"count":0,"href":"https:\/\/www.redenoticia.com.br\/noticia\/wp-json\/wp\/v2\/posts\/32315\/revisions"}],"wp:attachment":[{"href":"https:\/\/www.redenoticia.com.br\/noticia\/wp-json\/wp\/v2\/media?parent=32315"}],"wp:term":[{"taxonomy":"category","embeddable":true,"href":"https:\/\/www.redenoticia.com.br\/noticia\/wp-json\/wp\/v2\/categories?post=32315"},{"taxonomy":"post_tag","embeddable":true,"href":"https:\/\/www.redenoticia.com.br\/noticia\/wp-json\/wp\/v2\/tags?post=32315"}],"curies":[{"name":"wp","href":"https:\/\/api.w.org\/{rel}","templated":true}]}}