{"id":32295,"date":"2010-11-08T16:34:19","date_gmt":"2010-11-08T20:34:19","guid":{"rendered":"http:\/\/www.redenoticia.com.br\/noticia\/?p=32295"},"modified":"2010-11-09T16:14:55","modified_gmt":"2010-11-09T20:14:55","slug":"meteorologia-%e2%80%93-previsao-do-tempo-para-esta-terca-feira-0910","status":"publish","type":"post","link":"https:\/\/www.redenoticia.com.br\/noticia\/2010\/meteorologia-%e2%80%93-previsao-do-tempo-para-esta-terca-feira-0910\/32295","title":{"rendered":"Meteorologia \u2013 previs\u00e3o do tempo para esta ter\u00e7a-feira 09\/10"},"content":{"rendered":"<p><img loading=\"lazy\" decoding=\"async\" class=\"alignleft size-full wp-image-28409\" title=\"previsao do tempo e temperatura\" src=\"https:\/\/www.redenoticia.com.br\/noticia\/imagens\/previsao-do-tempo-e-temperatura.jpg\" alt=\"\" width=\"300\" height=\"193\" srcset=\"https:\/\/www.redenoticia.com.br\/noticia\/imagens\/previsao-do-tempo-e-temperatura.jpg 300w, https:\/\/www.redenoticia.com.br\/noticia\/imagens\/previsao-do-tempo-e-temperatura-250x160.jpg 250w, https:\/\/www.redenoticia.com.br\/noticia\/imagens\/previsao-do-tempo-e-temperatura-150x96.jpg 150w\" sizes=\"auto, (max-width: 300px) 100vw, 300px\" \/><\/p>\n<p>Previs\u00e3o do tempo \u2013 a <strong><em>meteorologia<\/em><\/strong> divulgou a <strong><em>previs\u00e3o do tempo<\/em><\/strong> e <strong><em>temperatura<\/em><\/strong> para esta ter\u00e7a-feira (09\/11) e informa que uma frente fria desloca-se pela Regi\u00e3o Sul e oeste do Centro-Oeste do pa\u00eds onde haver\u00e1 aumento de nuvens e chuva que de forma localizada poder\u00e1 ser forte, principalmente, entre o centro-norte do RS, sul e centro-oeste de SC e do PR. Segundo a previs\u00e3o do tempo espera-se pancadas de chuva a partir da tarde no centro-norte e leste do PR, no MS, no oeste, centro-sul, leste e nordeste de SP, no leste e sul do AP, norte do PA e Ilha do Maraj\u00f3. Haver\u00e1 pequena possibilidade de pancadas de chuva a partir da tarde no sul do RJ, inclusive na capital fluminense. Dados da previs\u00e3o do tempo indicam que a umidade vinda do mar provocar\u00e1 aumento de nuvens e haver\u00e1 possibilidade de chuva entre o sul da BA, o nordeste de MG e o oeste do ES. A nebulosidade estar\u00e1 vari\u00e1vel no centro-leste da BA, no leste e norte de MG, no norte do RJ e nas demais \u00e1reas do ES. A previs\u00e3o do tempo destaca que o sol aparece entre poucas nuvens nas demais \u00e1reas da Regi\u00e3o Nordeste. Nas demais \u00e1reas da Regi\u00e3o Norte o sol aparece, mas o calor e alta umidade provocar\u00e3o pancadas de chuva que localmente ser\u00e1 forte. As temperaturas m\u00e1ximas estar\u00e3o em queda no RS.<\/p>\n<p>Vale do Para\u00edba \u2013 previs\u00e3o do tempo em 09\/11, o sol aparecer\u00e1 em toda regi\u00e3o e a partir da tarde ocorrer\u00e3o pancadas de chuva. As temperaturas seguir\u00e3o elevadas.<\/p>\n<p>Regi\u00e3o Centro-Oeste \u2013 previs\u00e3o do tempo em 09\/11\/2010: No extremo sul do MT e de GO e na maior parte de MS: pancadas de chuva \u00e0 partir da tarde. No extremo sudoeste do MS: muitas nuvens e chuva. Nas demais \u00e1reas da Regi\u00e3o: sol entre nebulosidade vari\u00e1vel e com pancadas de chuva. Temperatura M\u00e1xima: 36C no noroeste do MS. Temperatura M\u00ednima: 18C no extremo sudeste do MS.<\/p>\n<p>Regi\u00e3o Nordeste \u2013 previs\u00e3o do tempo em 09\/11\/2010: No centro-oeste do MA: pequena chance de pancadas de chuva. No sudeste da BA: possibilidade de chuva. No sul da BA e Rec\u00f4ncavo Baiano: sol e varia\u00e7\u00e3o de nuvens. No oeste da BA: pancadas de chuva. Nas demais \u00e1reas da Regi\u00e3o: sol e poucas nuvens. Temperaturas est\u00e1veis. Temperatura m\u00e1xima: 38C no norte e interior do PI. Temperatura m\u00ednima: 18C no interior da BA.<\/p>\n<p>Regi\u00e3o Norte \u2013 previs\u00e3o do tempo em 09\/11\/2010: No nordeste do PA e sudeste do AP: pancadas de chuva \u00e0 partir da tarde. Nas demais \u00e1reas da Regi\u00e3o: pancadas de chuva. Temperaturas est\u00e1veis. Temperatura m\u00e1xima: 38C no interior do PA. Temperatura m\u00ednima: 18C no noroeste de RR.<\/p>\n<p>Regi\u00e3o Sudeste \u2013 previs\u00e3o do tempo em 09\/11\/2010: No sul, oeste, leste e cone leste paulista: pancadas de chuva \u00e0 partir da tarde. No sul do RJ: pequena chance de pancadas de chuva \u00e0 partir da tarde. No centro-norte de SP, centro-oeste e noroeste de MG: pancadas de chuva. No nordeste de MG e noroeste do ES: possibilidade de chuva. Nas demais \u00e1reas da Regi\u00e3o: sol e varia\u00e7\u00e3o de nuvens. Temperaturas est\u00e1veis. Temperatura m\u00e1xima: 34C no nordeste de SP. Temperatura m\u00ednima: 18C no sul de MG.<\/p>\n<p>Regi\u00e3o Sul \u2013 previs\u00e3o do tempo em 09\/11\/2010: No centro-norte, sul e leste do PR e centro-norte de SC: pancadas de chuva \u00e0 partir da tarde. No extremo sudoeste e extremo sul do RS: chuva pela manh\u00e3. Nas demais \u00e1reas da Regi\u00e3o: muitas nuvens e chuva. Temperaturas baixas no sul do RS. Temperatura m\u00e1xima: 34C no sul do RS. Temperatura m\u00ednima: 14C nas \u00e1reas de Serra.<\/p>\n<p>Previs\u00e3o do tempo e temperatura CPTEC<\/p>\n","protected":false},"excerpt":{"rendered":"<p>Previs\u00e3o do tempo \u2013 a meteorologia divulgou a previs\u00e3o do tempo e temperatura para esta ter\u00e7a-feira (09\/11) e informa que uma frente fria desloca-se pela Regi\u00e3o Sul e oeste do Centro-Oeste do pa\u00eds onde haver\u00e1 aumento de nuvens e chuva que de forma localizada poder\u00e1 ser forte, principalmente, entre o centro-norte do RS, sul e [&hellip;]<\/p>\n","protected":false},"author":3,"featured_media":28409,"comment_status":"open","ping_status":"open","sticky":false,"template":"","format":"standard","meta":{"_genesis_hide_title":false,"_genesis_hide_breadcrumbs":false,"_genesis_hide_singular_image":false,"_genesis_hide_footer_widgets":false,"_genesis_custom_body_class":"","_genesis_custom_post_class":"","_genesis_layout":"","_jetpack_memberships_contains_paid_content":false,"footnotes":""},"categories":[22],"tags":[],"class_list":{"0":"post-32295","1":"post","2":"type-post","3":"status-publish","4":"format-standard","5":"has-post-thumbnail","7":"category-brasil","8":"entry","9":"gs-1","10":"gs-odd","11":"gs-even","12":"gs-featured-content-entry"},"jetpack_featured_media_url":"https:\/\/www.redenoticia.com.br\/noticia\/imagens\/previsao-do-tempo-e-temperatura.jpg","jetpack_sharing_enabled":true,"jetpack_likes_enabled":true,"_links":{"self":[{"href":"https:\/\/www.redenoticia.com.br\/noticia\/wp-json\/wp\/v2\/posts\/32295","targetHints":{"allow":["GET"]}}],"collection":[{"href":"https:\/\/www.redenoticia.com.br\/noticia\/wp-json\/wp\/v2\/posts"}],"about":[{"href":"https:\/\/www.redenoticia.com.br\/noticia\/wp-json\/wp\/v2\/types\/post"}],"author":[{"embeddable":true,"href":"https:\/\/www.redenoticia.com.br\/noticia\/wp-json\/wp\/v2\/users\/3"}],"replies":[{"embeddable":true,"href":"https:\/\/www.redenoticia.com.br\/noticia\/wp-json\/wp\/v2\/comments?post=32295"}],"version-history":[{"count":0,"href":"https:\/\/www.redenoticia.com.br\/noticia\/wp-json\/wp\/v2\/posts\/32295\/revisions"}],"wp:featuredmedia":[{"embeddable":true,"href":"https:\/\/www.redenoticia.com.br\/noticia\/wp-json\/wp\/v2\/media\/28409"}],"wp:attachment":[{"href":"https:\/\/www.redenoticia.com.br\/noticia\/wp-json\/wp\/v2\/media?parent=32295"}],"wp:term":[{"taxonomy":"category","embeddable":true,"href":"https:\/\/www.redenoticia.com.br\/noticia\/wp-json\/wp\/v2\/categories?post=32295"},{"taxonomy":"post_tag","embeddable":true,"href":"https:\/\/www.redenoticia.com.br\/noticia\/wp-json\/wp\/v2\/tags?post=32295"}],"curies":[{"name":"wp","href":"https:\/\/api.w.org\/{rel}","templated":true}]}}