{"id":32290,"date":"2010-11-07T19:34:46","date_gmt":"2010-11-07T23:34:46","guid":{"rendered":"http:\/\/www.redenoticia.com.br\/noticia\/?p=32290"},"modified":"2010-11-08T13:17:09","modified_gmt":"2010-11-08T17:17:09","slug":"meteorologia-%e2%80%93-previsao-do-tempo-para-esta-segunda-feira-0810","status":"publish","type":"post","link":"https:\/\/www.redenoticia.com.br\/noticia\/2010\/meteorologia-%e2%80%93-previsao-do-tempo-para-esta-segunda-feira-0810\/32290","title":{"rendered":"Meteorologia \u2013 previs\u00e3o do tempo para esta segunda-feira 08\/10"},"content":{"rendered":"<p><img loading=\"lazy\" decoding=\"async\" class=\"alignleft size-full wp-image-28410\" title=\"previsao do tempo temperatura\" src=\"https:\/\/www.redenoticia.com.br\/noticia\/imagens\/previsao-do-tempo-temperatura.jpg\" alt=\"\" width=\"300\" height=\"193\" srcset=\"https:\/\/www.redenoticia.com.br\/noticia\/imagens\/previsao-do-tempo-temperatura.jpg 300w, https:\/\/www.redenoticia.com.br\/noticia\/imagens\/previsao-do-tempo-temperatura-250x160.jpg 250w, https:\/\/www.redenoticia.com.br\/noticia\/imagens\/previsao-do-tempo-temperatura-150x96.jpg 150w\" sizes=\"auto, (max-width: 300px) 100vw, 300px\" \/>Previs\u00e3o do tempo \u2013 a <strong><em>meteorologia<\/em><\/strong> divulgou a <strong><em>previs\u00e3o do tempo<\/em><\/strong> e <strong><em>temperatura<\/em><\/strong> para esta segunda-feira (08\/11) e informa que um canal de umidade provocar\u00e1 muitas nuvens e pancadas de chuva entre o norte das Regi\u00f5es Sudeste e Centro-Oeste, na faixa sul e oeste da BA e na Regi\u00e3o Norte do pa\u00eds. Segundo a previs\u00e3o do tempo h\u00e1 chance de chuva localmente forte nesta \u00e1rea. Poder\u00e3o ocorrer acumulados de chuva significativos entre o norte do ES e MG. Dados da previs\u00e3o do tempo indicam que entre o leste de MG, sul do ES e centro-norte do RJ o c\u00e9u estar\u00e1 nublado, a mesma condi\u00e7\u00e3o de tempo \u00e9 esperada para o sudoeste e sul do RS. No norte e leste do AP, nordeste do PA e norte do MA haver\u00e1 pequena possibilidade de pancadas de chuva. A previs\u00e3o do tempo destaca que o sol aparece entre poucas nuvens nas demais \u00e1reas da Regi\u00e3o Nordeste, no MS, sul do Tri\u00e2ngulo Mineiro e sul de MG, em SP e nas demais \u00e1reas da Regi\u00e3o Sul do pa\u00eds.<\/p>\n<p>Vale do Para\u00edba \u2013 previs\u00e3o do tempo em 08\/11,o sol predominar\u00e1 em toda regi\u00e3o. As temperaturas estar\u00e3o elevadas.<\/p>\n<p>Regi\u00e3o Centro-Oeste \u2013 previs\u00e3o do tempo em 08\/11\/2010: No extremo nordeste do MT: pancadas de chuva. No norte e centro-leste do MT e maior parte de GO e no DF: nublado com pancadas de chuva. No extremo sudoeste do MT e sudeste de GO e demais \u00e1reas do MS: predom\u00ednio de sol. Nas demais \u00e1reas da Regi\u00e3o: pancadas de chuva. Temperaturas amenas no extremo leste de GO. Temperatura M\u00e1xima: 37C no noroeste do MS. Temperatura M\u00ednima: 16C no extremo sul do MS.<\/p>\n<p>Regi\u00e3o Nordeste \u2013 previs\u00e3o do tempo em 08\/11\/2010: No extremo norte do MA: pequena chance de pancadas de chuva. No extremo sul da BA: nublado e pancadas de chuva. No centro-oeste e sudeste da BA: pancadas de chuva. Nas demais \u00e1reas da Regi\u00e3o: sol e poucas nuvens. Temperaturas est\u00e1veis. Temperatura m\u00e1xima: 38C no norte e interior do PI. Temperatura m\u00ednima: 10C no sudeste da BA.<\/p>\n<p>Regi\u00e3o Norte \u2013 previs\u00e3o do tempo em 08\/11\/2010: No centro-oeste do AM e no AC, oeste e sudoeste do PA e em RR e sul de TO: nublado e com pancadas de chuva. No norte e centro-leste do TO, norte e nordeste do PA e sul do AP: sol e poucas nuvens. No norte do AP e extremo nordeste do PA: pequena chance de pancadas de chuva. Nas demais \u00e1reas da Regi\u00e3o: pancadas de chuva. Temperaturas est\u00e1veis. Temperatura m\u00e1xima: 38C no leste do PA. Temperatura m\u00ednima: 18C no noroeste de RR.<\/p>\n<p>Regi\u00e3o Sudeste \u2013 previs\u00e3o do tempo em 08\/11\/2010: No extremo centro-oeste de MG: pancadas de chuva. No sudoeste e sul de MG e em todo Estado de SP: predom\u00ednio de sol. No centro-sudeste de MG e sul do RJ: sol e poucas nuvens. No centro-leste de MG, sul do ES e demais \u00e1reas do RJ: dia nublado. Nas demais \u00e1reas da Regi\u00e3o: sol entre nebulosidade vari\u00e1vel e com pancadas de chuva isolada, que podem ser localmente fortes. Temperaturas est\u00e1veis. Temperatura m\u00e1xima: 34C no nordeste de SP. Temperatura m\u00ednima: 14C no leste de SP e sul de MG.<\/p>\n<p>Regi\u00e3o Sul \u2013 previs\u00e3o do tempo em 08\/11\/2010: No sul do RS: nublado. Nas demais \u00e1reas da Regi\u00e3o: predom\u00ednio de sol . Temperaturas est\u00e1veis. Temperatura m\u00e1xima: 34C no sul do RS. Temperatura m\u00ednima: 11C nas \u00e1reas de Serra.<\/p>\n<p>Previs\u00e3o do tempo e temperatura CPTEC<\/p>\n","protected":false},"excerpt":{"rendered":"<p>Previs\u00e3o do tempo \u2013 a meteorologia divulgou a previs\u00e3o do tempo e temperatura para esta segunda-feira (08\/11) e informa que um canal de umidade provocar\u00e1 muitas nuvens e pancadas de chuva entre o norte das Regi\u00f5es Sudeste e Centro-Oeste, na faixa sul e oeste da BA e na Regi\u00e3o Norte do pa\u00eds. Segundo a previs\u00e3o [&hellip;]<\/p>\n","protected":false},"author":3,"featured_media":28410,"comment_status":"open","ping_status":"open","sticky":false,"template":"","format":"standard","meta":{"_genesis_hide_title":false,"_genesis_hide_breadcrumbs":false,"_genesis_hide_singular_image":false,"_genesis_hide_footer_widgets":false,"_genesis_custom_body_class":"","_genesis_custom_post_class":"","_genesis_layout":"","_jetpack_memberships_contains_paid_content":false,"footnotes":""},"categories":[22],"tags":[],"class_list":{"0":"post-32290","1":"post","2":"type-post","3":"status-publish","4":"format-standard","5":"has-post-thumbnail","7":"category-brasil","8":"entry","9":"gs-1","10":"gs-odd","11":"gs-even","12":"gs-featured-content-entry"},"jetpack_featured_media_url":"https:\/\/www.redenoticia.com.br\/noticia\/imagens\/previsao-do-tempo-temperatura.jpg","jetpack_sharing_enabled":true,"jetpack_likes_enabled":true,"_links":{"self":[{"href":"https:\/\/www.redenoticia.com.br\/noticia\/wp-json\/wp\/v2\/posts\/32290","targetHints":{"allow":["GET"]}}],"collection":[{"href":"https:\/\/www.redenoticia.com.br\/noticia\/wp-json\/wp\/v2\/posts"}],"about":[{"href":"https:\/\/www.redenoticia.com.br\/noticia\/wp-json\/wp\/v2\/types\/post"}],"author":[{"embeddable":true,"href":"https:\/\/www.redenoticia.com.br\/noticia\/wp-json\/wp\/v2\/users\/3"}],"replies":[{"embeddable":true,"href":"https:\/\/www.redenoticia.com.br\/noticia\/wp-json\/wp\/v2\/comments?post=32290"}],"version-history":[{"count":0,"href":"https:\/\/www.redenoticia.com.br\/noticia\/wp-json\/wp\/v2\/posts\/32290\/revisions"}],"wp:featuredmedia":[{"embeddable":true,"href":"https:\/\/www.redenoticia.com.br\/noticia\/wp-json\/wp\/v2\/media\/28410"}],"wp:attachment":[{"href":"https:\/\/www.redenoticia.com.br\/noticia\/wp-json\/wp\/v2\/media?parent=32290"}],"wp:term":[{"taxonomy":"category","embeddable":true,"href":"https:\/\/www.redenoticia.com.br\/noticia\/wp-json\/wp\/v2\/categories?post=32290"},{"taxonomy":"post_tag","embeddable":true,"href":"https:\/\/www.redenoticia.com.br\/noticia\/wp-json\/wp\/v2\/tags?post=32290"}],"curies":[{"name":"wp","href":"https:\/\/api.w.org\/{rel}","templated":true}]}}