{"id":32278,"date":"2010-11-05T15:48:20","date_gmt":"2010-11-05T19:48:20","guid":{"rendered":"http:\/\/www.redenoticia.com.br\/noticia\/?p=32278"},"modified":"2010-11-08T15:25:34","modified_gmt":"2010-11-08T19:25:34","slug":"enem-2010-dicas-e-orientacoes-do-mec-sobre-a-prova","status":"publish","type":"post","link":"https:\/\/www.redenoticia.com.br\/noticia\/2010\/enem-2010-dicas-e-orientacoes-do-mec-sobre-a-prova\/32278","title":{"rendered":"Enem 2010 \u2013 dicas e orienta\u00e7\u00f5es do MEC sobre a prova"},"content":{"rendered":"<p><strong><em><img loading=\"lazy\" decoding=\"async\" class=\"alignleft size-full wp-image-19313\" title=\"enem sisu\" src=\"https:\/\/www.redenoticia.com.br\/noticia\/imagens\/enem-2009-gabarito.jpg\" alt=\"\" width=\"300\" height=\"193\" srcset=\"https:\/\/www.redenoticia.com.br\/noticia\/imagens\/enem-2009-gabarito.jpg 300w, https:\/\/www.redenoticia.com.br\/noticia\/imagens\/enem-2009-gabarito-250x160.jpg 250w, https:\/\/www.redenoticia.com.br\/noticia\/imagens\/enem-2009-gabarito-150x96.jpg 150w\" sizes=\"auto, (max-width: 300px) 100vw, 300px\" \/>Enem 2010<\/em><\/strong> &#8211; O MEC publicou diversas\u00a0<strong><em>dicas<\/em><\/strong> e respostas \u00e0s perguntas mais frequentes no endere\u00e7o \u00a0eletr\u00f4nico\u00a0do\u00a0<a href=\"http:\/\/www.enem.inep.gov.br\/faq.php\" target=\"_blank\">Enem (Clique Aqui<\/a>). O\u00a0Enem 2010 ser\u00e1 realizado nos dias 6 e 7 de novembro de 2010, em todas as unidades da Federa\u00e7\u00e3o. As provas ter\u00e3o in\u00edcio \u00e0s 13h, de acordo com o hor\u00e1rio oficial de Bras\u00edlia \u2013 DF.\u00a0Ser\u00e1 observado o seguinte calend\u00e1rio de provas:\u00a0&#8211; no dia 6\/11\/2010 (s\u00e1bado), das 13h \u00e0s 17h30 &#8211; Ci\u00eancias Humanas e suas Tecnologias e Ci\u00eancias da Natureza e suas Tecnologias;\u00a0&#8211; no dia 7\/11\/2010 (domingo), das 13h \u00e0s 18h30 &#8211; Linguagens, C\u00f3digos e suas Tecnologias, al\u00e9m de Reda\u00e7\u00e3o, e Matem\u00e1tica e suas Tecnologias.<\/p>\n<p>As provas Enem 2010\u00a0ser\u00e3o aplicadas nas 27 unidades da Federa\u00e7\u00e3o, nos munic\u00edpios indicados no Anexo I (<a href=\"http:\/\/www.enem.inep.gov.br\/pdf\/enem_2010_anexo_I_edital.pdf\" target=\"_blank\">http:\/\/www.enem.inep.gov.br\/pdf\/enem_2010_anexo_I_edital.pdf <\/a>) do Edital do Enem 2010 e nos locais informados nos Cart\u00f5es de Confirma\u00e7\u00e3o da Inscri\u00e7\u00e3o.<\/p>\n<p>Nos dias de realiza\u00e7\u00e3o do exame Enem 2010\u00a0os port\u00f5es de acesso aos locais de prova ser\u00e3o abertos \u00e0s 12h e fechados \u00e0s 12h55, de acordo com o hor\u00e1rio de Bras\u00edlia-DF, n\u00e3o sendo permitida a entrada do inscrito que se apresentar ap\u00f3s o hor\u00e1rio estipulado.<\/p>\n<p>O inscrito Enem 2010\u00a0dever\u00e1 comparecer ao local de realiza\u00e7\u00e3o da prova com anteced\u00eancia de uma hora do hor\u00e1rio fixado para seu in\u00edcio.<\/p>\n<p>Aten\u00e7\u00e3o! Conhe\u00e7a com anteced\u00eancia o seu local de prova Enem 2010. Fique atento ao hor\u00e1rio. Todas as informa\u00e7\u00f5es do edital referem-se ao hor\u00e1rio oficial de Bras\u00edlia-DF. Fique atento para as eventuais diferen\u00e7as de fuso hor\u00e1rio e ado\u00e7\u00e3o de hor\u00e1rio de ver\u00e3o em sua localidade.<\/p>\n<p>O inscrito Enem 2010\u00a0deve se dirigir ao local de prova indicado no Cart\u00e3o de Confirma\u00e7\u00e3o da Inscri\u00e7\u00e3o portando:<\/p>\n<p>&#8211; documento de identifica\u00e7\u00e3o original;<\/p>\n<p>&#8211; Cart\u00e3o de Confirma\u00e7\u00e3o da Inscri\u00e7\u00e3o enviado via postal pela Empresa Brasileira de Correios e disponibilizado na p\u00e1gina de acompanhamento do inscrito;<\/p>\n<p>&#8211; caneta esferogr\u00e1fica de tinta preta.<\/p>\n<p>Aten\u00e7\u00e3o! A n\u00e3o apresenta\u00e7\u00e3o de documento de identifica\u00e7\u00e3o original impossibilita o inscrito Enem 2010\u00a0de adentrar o ambiente de provas e resulta na sua elimina\u00e7\u00e3o do Enem 2010.<\/p>\n<p>Aten\u00e7\u00e3o! Os inscritos Enem 2010\u00a0cujo documento de identifica\u00e7\u00e3o original apresentado n\u00e3o permita a completa identifica\u00e7\u00e3o dos seus caracteres essenciais ou de sua assinatura, em raz\u00e3o do estado de conserva\u00e7\u00e3o ou da dist\u00e2ncia temporal da expedi\u00e7\u00e3o do documento, n\u00e3o poder\u00e3o adentrar o ambiente de provas e ser\u00e3o eliminados do Enem 2010.<\/p>\n<p>Considera-se como documento de identidade a c\u00e9dula de identidade expedida por Secretarias de Seguran\u00e7a P\u00fablica, pelas For\u00e7as Armadas, Pol\u00edcia Militar, Pol\u00edcia Federal, a identidade expedida pelo Minist\u00e9rio das Rela\u00e7\u00f5es Exteriores para estrangeiros, a identifica\u00e7\u00e3o fornecida por ordens ou conselhos de classes que por Lei valham como documento de identidade, a Carteira de Trabalho e Previd\u00eancia Social, o Passaporte e a Carteira Nacional de Habilita\u00e7\u00e3o com fotografia, na forma da Lei n\u00ba 9.503, de 1997.<\/p>\n<p>N\u00e3o ser\u00e3o aceitos como documentos de identifica\u00e7\u00e3o protocolos, Certid\u00e3o de Nascimento, Certid\u00e3o de Casamento, T\u00edtulo Eleitoral, Carteira Nacional de Habilita\u00e7\u00e3o em modelo anterior \u00e0 Lei n\u00ba 9.503\/97, Carteira de Estudante, crach\u00e1s e identidade funcional de natureza p\u00fablica ou privada que n\u00e3o possua f\u00e9 p\u00fablica, validade em todo o territ\u00f3rio nacional e fotografia.<\/p>\n<p>No in\u00edcio da prova Enem 2010,\u00a0nos dois dias \u00e0s 13horas, hor\u00e1rio oficial de Bras\u00edlia, \u00e9 acionado sinal sonoro para in\u00edcio das provas, restando 30 minutos para seu t\u00e9rmino \u00e9 feito um aviso oral pelo aplicador, logo ap\u00f3s o t\u00e9rmino deste per\u00edodo \u00e9 emitido novo sinal sonoto informando o final da prova.<\/p>\n<p>Ademais, informamos que todo aplicador Enem 2010\u00a0foi capacitado e instruido a portar rel\u00f3gio e, se questionado pelo participante, deve informar \u00e0s horas. Vale lembrar que seu rel\u00f3gio estar\u00e1 sincronizado com os rel\u00f3gios dos demais aplicadores da coordena\u00e7\u00e3o e tamb\u00e9m sincronizado com o hor\u00e1rio oficial de Bras\u00edlia.<\/p>\n<p>O inscrito Enem 2010\u00a0impossibilitado de apresentar o documento de identifica\u00e7\u00e3o original no dia da realiza\u00e7\u00e3o das provas, por motivo de extravio, perda, furto ou roubo, poder\u00e1 realizar a prova, desde que:<\/p>\n<p>&#8211; apresente Boletim de Ocorr\u00eancia expedido por \u00f3rg\u00e3o policial, emitido h\u00e1 no m\u00e1ximo 90 (noventa) dias;<\/p>\n<p>&#8211; submeta-se \u00e0 identifica\u00e7\u00e3o especial, que compreende a coleta de dados e assinatura em formul\u00e1rio pr\u00f3prio.<\/p>\n<p>Durante a realiza\u00e7\u00e3o da prova Enem 2010\u00a0n\u00e3o ser\u00e1 admitida qualquer esp\u00e9cie de consulta ou comunica\u00e7\u00e3o entre os inscritos, nem a utiliza\u00e7\u00e3o de l\u00e1pis, borracha, apontador, lapiseira, grafite, livros, manuais, impressos, anota\u00e7\u00f5es, m\u00e1quinas calculadoras e agendas eletr\u00f4nicas ou similares, telefones celulares, pagers, bip, walkman, gravador, mp3 ou similar, rel\u00f3gio, ou qualquer receptor ou transmissor de dados e mensagens.<\/p>\n<p>Tamb\u00e9m n\u00e3o ser\u00e3o fornecidas informa\u00e7\u00f5es referentes ao conte\u00fado das provas do Enem 2010, por qualquer membro da equipe de aplica\u00e7\u00e3o do exame.<\/p>\n<p>O tempo m\u00ednimo de perman\u00eancia na sala de provas \u00e9 de duas horas, a partir do in\u00edcio do exame. Ao final das provas, os tr\u00eas \u00faltimos candidatos na sala s\u00f3 ser\u00e3o liberados quando todos tiverem conclu\u00eddo o exame ou o tempo de prova tiver sido encerrado.<\/p>\n<p>Os candidatos s\u00f3 poder\u00e3o levar o Caderno de Quest\u00f5es se deixarem a sala depois de decorridas quatro horas desde o in\u00edcio da aplica\u00e7\u00e3o, nas provas do s\u00e1bado, 06\/11\/2010, e decorridas cinco horas do in\u00edcio das provas do domingo, 07\/11\/2010.<\/p>\n<p>As respostas das provas Enem 2010\u00a0objetivas e a reda\u00e7\u00e3o do candidato devem ser transcritas nos respectivos Cart\u00f5es-Resposta e Folha de Reda\u00e7\u00e3o, que dever\u00e3o ser entregues ao fiscal da sua sala de aplica\u00e7\u00e3o. O candidato dever\u00e1, impreterivelmente, marcar a cor da capa do Caderno de Quest\u00f5es no seu Cart\u00e3o-Resposta. Caso contr\u00e1rio sua prova ser\u00e1 anulada, n\u00e3o ser\u00e1 corrigida e n\u00e3o haver\u00e1 atribui\u00e7\u00e3o de nota.<\/p>\n<p>Durante a realiza\u00e7\u00e3o das provas Enem 2010, \u00e9 de responsabilidade \u00fanica do candidato a leitura e confer\u00eancia de todos os dados registrados no Caderno de Quest\u00f5es, no Cart\u00e3o-Resposta, na Folha de Reda\u00e7\u00e3o, na Lista de Presen\u00e7a e demais documentos do exame.<\/p>\n<p>Aten\u00e7\u00e3o! \u00c9 imprescind\u00edvel a marca\u00e7\u00e3o da cor da capa do Caderno de Quest\u00f5es no Cart\u00e3o-Resposta para que seja realizada a corre\u00e7\u00e3o das provas objetivas e divulga\u00e7\u00e3o de resultados. A n\u00e3o marca\u00e7\u00e3o da cor impossibilita a corre\u00e7\u00e3o e implica na anula\u00e7\u00e3o das provas objetivas.<\/p>\n<p>Aten\u00e7\u00e3o! Haver\u00e1 quest\u00f5es de ingl\u00eas e de espanhol na mesma prova, com numera\u00e7\u00e3o id\u00eantica e gabaritos distintos. Portanto, o participante deve se atentar ao idioma escolhido e transferir para a folha de resposta apenas as alternativas referentes ao idioma pelo qual optou no ato de inscri\u00e7\u00e3o.<\/p>\n<p>Ser\u00e1 exclu\u00eddo do exame Enem 2010, por ato da entidade contratada pelo Inep para a realiza\u00e7\u00e3o do Enem 2010, o inscrito que:<\/p>\n<p>&#8211; prestar, em qualquer documento, declara\u00e7\u00e3o falsa ou inexata, sob as penas da Lei;<\/p>\n<p>&#8211; agir com incorre\u00e7\u00e3o ou descortesia para com qualquer participante do processo de aplica\u00e7\u00e3o das provas;<\/p>\n<p>&#8211; ausentar-se da sala de prova sem o acompanhamento de um fiscal, ou antes de decorridas duas horas do in\u00edcio da prova;<\/p>\n<p>&#8211; for surpreendido, durante as provas, em comunica\u00e7\u00e3o com outro participante, verbalmente, por escrito ou por qualquer outra forma, bem como utilizando livros, notas ou impressos, portando ou fazendo uso de qualquer tipo de equipamento eletr\u00f4nico de comunica\u00e7\u00e3o ou, ainda, for respons\u00e1vel por falsa identifica\u00e7\u00e3o pessoal;<\/p>\n<p>&#8211; utilizar ou tentar utilizar meio fraudulento para obter aprova\u00e7\u00e3o pr\u00f3pria ou de terceiros, em qualquer etapa do exame;<\/p>\n<p>&#8211; n\u00e3o devolver o Cart\u00e3o-Resposta e o Caderno de Quest\u00f5es.<\/p>\n<p>&#8211; n\u00e3o atender \u00e0s orienta\u00e7\u00f5es regulamentares da entidade contratada para aplica\u00e7\u00e3o do Enem 2010.<\/p>\n<p>O participante poder\u00e1 solicitar declara\u00e7\u00e3o de comparecimento\u00a0nos dias de aplica\u00e7\u00e3o do exame, sendo um atestado para s\u00e1bado, dia 6, e outro para domingo, dia 7. O formul\u00e1rio de declara\u00e7\u00e3o de comparecimento ficar\u00e1 na coordena\u00e7\u00e3o de cada local de prova.<\/p>\n<p>Enem 2010<\/p>\n","protected":false},"excerpt":{"rendered":"<p>Enem 2010 &#8211; O MEC publicou diversas\u00a0dicas e respostas \u00e0s perguntas mais frequentes no endere\u00e7o \u00a0eletr\u00f4nico\u00a0do\u00a0Enem (Clique Aqui). O\u00a0Enem 2010 ser\u00e1 realizado nos dias 6 e 7 de novembro de 2010, em todas as unidades da Federa\u00e7\u00e3o. As provas ter\u00e3o in\u00edcio \u00e0s 13h, de acordo com o hor\u00e1rio oficial de Bras\u00edlia \u2013 DF.\u00a0Ser\u00e1 observado o [&hellip;]<\/p>\n","protected":false},"author":3,"featured_media":19313,"comment_status":"open","ping_status":"open","sticky":false,"template":"","format":"standard","meta":{"_genesis_hide_title":false,"_genesis_hide_breadcrumbs":false,"_genesis_hide_singular_image":false,"_genesis_hide_footer_widgets":false,"_genesis_custom_body_class":"","_genesis_custom_post_class":"","_genesis_layout":"","_jetpack_memberships_contains_paid_content":false,"footnotes":""},"categories":[22],"tags":[],"class_list":{"0":"post-32278","1":"post","2":"type-post","3":"status-publish","4":"format-standard","5":"has-post-thumbnail","7":"category-brasil","8":"entry","9":"gs-1","10":"gs-odd","11":"gs-even","12":"gs-featured-content-entry"},"jetpack_featured_media_url":"https:\/\/www.redenoticia.com.br\/noticia\/imagens\/enem-2009-gabarito.jpg","jetpack_sharing_enabled":true,"jetpack_likes_enabled":true,"_links":{"self":[{"href":"https:\/\/www.redenoticia.com.br\/noticia\/wp-json\/wp\/v2\/posts\/32278","targetHints":{"allow":["GET"]}}],"collection":[{"href":"https:\/\/www.redenoticia.com.br\/noticia\/wp-json\/wp\/v2\/posts"}],"about":[{"href":"https:\/\/www.redenoticia.com.br\/noticia\/wp-json\/wp\/v2\/types\/post"}],"author":[{"embeddable":true,"href":"https:\/\/www.redenoticia.com.br\/noticia\/wp-json\/wp\/v2\/users\/3"}],"replies":[{"embeddable":true,"href":"https:\/\/www.redenoticia.com.br\/noticia\/wp-json\/wp\/v2\/comments?post=32278"}],"version-history":[{"count":0,"href":"https:\/\/www.redenoticia.com.br\/noticia\/wp-json\/wp\/v2\/posts\/32278\/revisions"}],"wp:featuredmedia":[{"embeddable":true,"href":"https:\/\/www.redenoticia.com.br\/noticia\/wp-json\/wp\/v2\/media\/19313"}],"wp:attachment":[{"href":"https:\/\/www.redenoticia.com.br\/noticia\/wp-json\/wp\/v2\/media?parent=32278"}],"wp:term":[{"taxonomy":"category","embeddable":true,"href":"https:\/\/www.redenoticia.com.br\/noticia\/wp-json\/wp\/v2\/categories?post=32278"},{"taxonomy":"post_tag","embeddable":true,"href":"https:\/\/www.redenoticia.com.br\/noticia\/wp-json\/wp\/v2\/tags?post=32278"}],"curies":[{"name":"wp","href":"https:\/\/api.w.org\/{rel}","templated":true}]}}