{"id":32244,"date":"2010-11-03T14:11:00","date_gmt":"2010-11-03T18:11:00","guid":{"rendered":"http:\/\/www.redenoticia.com.br\/noticia\/?p=32244"},"modified":"2010-11-03T14:14:21","modified_gmt":"2010-11-03T18:14:21","slug":"movember-novembro-combina-com-bigode","status":"publish","type":"post","link":"https:\/\/www.redenoticia.com.br\/noticia\/2010\/movember-novembro-combina-com-bigode\/32244","title":{"rendered":"Movember &#8211; novembro combina com bigode"},"content":{"rendered":"<p>O Mo, g\u00edria para bigode, e novembro de cada ano se unem para formar o <strong><em>Movember<\/em><\/strong>. O Movember desafia homens para mudar sua apar\u00eancia.  Muito parecido com o compromisso de correr ou caminhar para a caridade, os homens de Movember se comprometem em manter o bigode durante todo o m\u00eas de novembro. O bigode torna-se a \u201cfita\u201d para a sa\u00fade, o meio pelo qual a consci\u00eancia e os fundos s\u00e3o criados para alertas e combate aos tipos de c\u00e2ncer que afetam os homens.<\/p>\n<p>A id\u00e9ia Movember foi despertada em 2003, depois de algumas cervejas em Melbourne, Austr\u00e1lia. O plano era simples: trazer o bigode de volta como uma piada e fazer algo para a sa\u00fade dos homens.  Nenhum dinheiro foi levantado em 2003, mas os caras por tr\u00e1s do Mo perceberam no bigode um potencial na gera\u00e7\u00e3o de conversas sobre a sa\u00fade dos homens. Inspirados pelas mulheres ao seu redor e tudo o que tinham feito para o c\u00e2ncer de mama, a Bros Mo definiu-se em um movimento global de sa\u00fade.<\/p>\n<p>O sucesso do Movember pode ser diretamente atribu\u00eddo a mais de 627.000  homens  que t\u00eam apoiado a causa desde 2003. Para os novatos no Movember, desafiamos voc\u00ea a se juntar a n\u00f3s para mudar a face da sa\u00fade dos homens.<\/p>\n<p>Para obter informa\u00e7\u00f5es detalhadas sobre a Funda\u00e7\u00e3o Movember, relat\u00f3rios financeiros, sa\u00fade dos homens, os programas que est\u00e3o sendo financiados e o impacto social visite:<\/p>\n<p><a href=\"http:\/\/ie.movember.com\/about\/\" target=\"_blank\">Funda\u00e7\u00e3o Movember<\/a><\/p>\n","protected":false},"excerpt":{"rendered":"<p>O Mo, g\u00edria para bigode, e novembro de cada ano se unem para formar o Movember. O Movember desafia homens para mudar sua apar\u00eancia. Muito parecido com o compromisso de correr ou caminhar para a caridade, os homens de Movember se comprometem em manter o bigode durante todo o m\u00eas de novembro. O bigode torna-se [&hellip;]<\/p>\n","protected":false},"author":3,"featured_media":0,"comment_status":"open","ping_status":"open","sticky":false,"template":"","format":"standard","meta":{"_genesis_hide_title":false,"_genesis_hide_breadcrumbs":false,"_genesis_hide_singular_image":false,"_genesis_hide_footer_widgets":false,"_genesis_custom_body_class":"","_genesis_custom_post_class":"","_genesis_layout":"","_jetpack_memberships_contains_paid_content":false,"footnotes":""},"categories":[22],"tags":[],"class_list":{"0":"post-32244","1":"post","2":"type-post","3":"status-publish","4":"format-standard","6":"category-brasil","7":"entry","8":"gs-1","9":"gs-odd","10":"gs-even","11":"gs-featured-content-entry"},"jetpack_featured_media_url":"","jetpack_sharing_enabled":true,"jetpack_likes_enabled":true,"_links":{"self":[{"href":"https:\/\/www.redenoticia.com.br\/noticia\/wp-json\/wp\/v2\/posts\/32244","targetHints":{"allow":["GET"]}}],"collection":[{"href":"https:\/\/www.redenoticia.com.br\/noticia\/wp-json\/wp\/v2\/posts"}],"about":[{"href":"https:\/\/www.redenoticia.com.br\/noticia\/wp-json\/wp\/v2\/types\/post"}],"author":[{"embeddable":true,"href":"https:\/\/www.redenoticia.com.br\/noticia\/wp-json\/wp\/v2\/users\/3"}],"replies":[{"embeddable":true,"href":"https:\/\/www.redenoticia.com.br\/noticia\/wp-json\/wp\/v2\/comments?post=32244"}],"version-history":[{"count":0,"href":"https:\/\/www.redenoticia.com.br\/noticia\/wp-json\/wp\/v2\/posts\/32244\/revisions"}],"wp:attachment":[{"href":"https:\/\/www.redenoticia.com.br\/noticia\/wp-json\/wp\/v2\/media?parent=32244"}],"wp:term":[{"taxonomy":"category","embeddable":true,"href":"https:\/\/www.redenoticia.com.br\/noticia\/wp-json\/wp\/v2\/categories?post=32244"},{"taxonomy":"post_tag","embeddable":true,"href":"https:\/\/www.redenoticia.com.br\/noticia\/wp-json\/wp\/v2\/tags?post=32244"}],"curies":[{"name":"wp","href":"https:\/\/api.w.org\/{rel}","templated":true}]}}