{"id":32234,"date":"2010-11-03T11:33:10","date_gmt":"2010-11-03T15:33:10","guid":{"rendered":"http:\/\/www.redenoticia.com.br\/noticia\/?p=32234"},"modified":"2010-11-03T11:33:10","modified_gmt":"2010-11-03T15:33:10","slug":"pt-e-pmdb-definem-o-comando-da-camara","status":"publish","type":"post","link":"https:\/\/www.redenoticia.com.br\/noticia\/2010\/pt-e-pmdb-definem-o-comando-da-camara\/32234","title":{"rendered":"PT e PMDB definem o comando da C\u00e2mara"},"content":{"rendered":"<p>Em entrevista exclusiva \u00e0 R\u00e1dio Bandeirantes AM 840 e FM 90,9, o presidente do  Partido dos Trabalhadores afirma que PT e PMDB est\u00e3o dispostos a se alternar no  <strong><em>comando da C\u00e2mara<\/em><\/strong>. A informa\u00e7\u00e3o foi revelada por Jos\u00e9 Eduardo Dutra hoje pela  manh\u00e3 durante o programa \u201cJornal Gente\u201d. Segundo ele, a ideia \u00e9 evitar uma  disputa que contamine a composi\u00e7\u00e3o do minist\u00e9rio de <strong><em>Dilma Rousseff<\/em><\/strong>.<\/p>\n<p>De  acordo com Dutra, foi acertado com o presidente do PMDB e vice-presidente  eleito, Michel Temer, que os dois partidos v\u00e3o dividir o posto nos pr\u00f3ximos  quatro anos, faltando apenas a formaliza\u00e7\u00e3o do acordo.<\/p>\n<p>O presidente do PT  negou mal estar com aliados por causa da transi\u00e7\u00e3o e disse ser leg\u00edtimo que eles  reivindiquem espa\u00e7o e cargos. No entanto, advertiu Jos\u00e9 Eduardo Dutra, ser\u00e3o  levados em considera\u00e7\u00e3o crit\u00e9rios t\u00e9cnicos para todas as nomea\u00e7\u00f5es a serem  feitas pela presidente eleita.<br \/>\nA comiss\u00e3o de transi\u00e7\u00e3o, coordenada por  Michel Temer, ser\u00e1 instalada na segunda-feira, com a defini\u00e7\u00e3o dos ministros que  ir\u00e3o participar e da pauta de a\u00e7\u00f5es dos 100 primeiros dias de governo.<\/p>\n<p>A  entrevista aos jornalistas Jos\u00e9 Paulo de Andrade, Salom\u00e3o \u00c9sper, Joelmir Beting  e Rafael Colombo pode ser ouvida no site da R\u00e1dio Bandeirantes:  <a href=\"http:\/\/www.radiobandeirantes.com.br\/notas.asp?ID=381400\" target=\"_blank\">http:\/\/www.radiobandeirantes.com.br\/notas.asp?ID=381400<\/a><\/p>\n","protected":false},"excerpt":{"rendered":"<p>Em entrevista exclusiva \u00e0 R\u00e1dio Bandeirantes AM 840 e FM 90,9, o presidente do Partido dos Trabalhadores afirma que PT e PMDB est\u00e3o dispostos a se alternar no comando da C\u00e2mara. A informa\u00e7\u00e3o foi revelada por Jos\u00e9 Eduardo Dutra hoje pela manh\u00e3 durante o programa \u201cJornal Gente\u201d. Segundo ele, a ideia \u00e9 evitar uma disputa [&hellip;]<\/p>\n","protected":false},"author":3,"featured_media":0,"comment_status":"open","ping_status":"open","sticky":false,"template":"","format":"standard","meta":{"_genesis_hide_title":false,"_genesis_hide_breadcrumbs":false,"_genesis_hide_singular_image":false,"_genesis_hide_footer_widgets":false,"_genesis_custom_body_class":"","_genesis_custom_post_class":"","_genesis_layout":"","_jetpack_memberships_contains_paid_content":false,"footnotes":""},"categories":[22],"tags":[],"class_list":{"0":"post-32234","1":"post","2":"type-post","3":"status-publish","4":"format-standard","6":"category-brasil","7":"entry","8":"gs-1","9":"gs-odd","10":"gs-even","11":"gs-featured-content-entry"},"jetpack_featured_media_url":"","jetpack_sharing_enabled":true,"jetpack_likes_enabled":true,"_links":{"self":[{"href":"https:\/\/www.redenoticia.com.br\/noticia\/wp-json\/wp\/v2\/posts\/32234","targetHints":{"allow":["GET"]}}],"collection":[{"href":"https:\/\/www.redenoticia.com.br\/noticia\/wp-json\/wp\/v2\/posts"}],"about":[{"href":"https:\/\/www.redenoticia.com.br\/noticia\/wp-json\/wp\/v2\/types\/post"}],"author":[{"embeddable":true,"href":"https:\/\/www.redenoticia.com.br\/noticia\/wp-json\/wp\/v2\/users\/3"}],"replies":[{"embeddable":true,"href":"https:\/\/www.redenoticia.com.br\/noticia\/wp-json\/wp\/v2\/comments?post=32234"}],"version-history":[{"count":0,"href":"https:\/\/www.redenoticia.com.br\/noticia\/wp-json\/wp\/v2\/posts\/32234\/revisions"}],"wp:attachment":[{"href":"https:\/\/www.redenoticia.com.br\/noticia\/wp-json\/wp\/v2\/media?parent=32234"}],"wp:term":[{"taxonomy":"category","embeddable":true,"href":"https:\/\/www.redenoticia.com.br\/noticia\/wp-json\/wp\/v2\/categories?post=32234"},{"taxonomy":"post_tag","embeddable":true,"href":"https:\/\/www.redenoticia.com.br\/noticia\/wp-json\/wp\/v2\/tags?post=32234"}],"curies":[{"name":"wp","href":"https:\/\/api.w.org\/{rel}","templated":true}]}}