{"id":32217,"date":"2010-11-01T13:16:15","date_gmt":"2010-11-01T17:16:15","guid":{"rendered":"http:\/\/www.redenoticia.com.br\/noticia\/?p=32217"},"modified":"2010-11-01T13:16:15","modified_gmt":"2010-11-01T17:16:15","slug":"thiago-pereira-ganha-mais-um-ouro-na-copa-do-mundo","status":"publish","type":"post","link":"https:\/\/www.redenoticia.com.br\/noticia\/2010\/thiago-pereira-ganha-mais-um-ouro-na-copa-do-mundo\/32217","title":{"rendered":"Thiago Pereira ganha mais um ouro na Copa do Mundo"},"content":{"rendered":"<p><strong><em>Thiago Pereira<\/em><\/strong> conquistou a medalha de ouro nos 200m medley na etapa da  Alemanha da Copa do Mundo de Piscina Curta, disputada no Parque Aqu\u00e1tico de  Berlim, neste domingo. Com o tempo de 1min52seg81, o brasileiro superou o  sul-africano recordista mundial da prova Darian Townsend, segundo colocado  (1min54seg91). O terceiro lugar ficou com o alem\u00e3o Markus Deibler  (1min55seg85).<\/p>\n<p>A performance desta prova rendeu a Thiago o t\u00edtulo de melhor atleta da etapa,  aumentando ainda mais sua lideran\u00e7a no ranking, rumo ao t\u00edtulo de Rei da Copa.  No total, o atleta patrocinado pelos Correios tem 15 medalhas de ouro e duas de  prata.<\/p>\n<p>O nadador do Corinthians virou os primeiros 50 metros (borboleta) na quarta  posi\u00e7\u00e3o. No segundo trecho (costas) ele subiu para a segunda coloca\u00e7\u00e3o. Na  terceira parte da prova (peito) ele assumiu o primeiro lugar, abriu 2 segundos  de vantagem sobre Townsend, e manteve a vantagem at\u00e9 o final. &#8220;Esta etapa era  considerada por todos como a mais dif\u00edcil. O n\u00edvel da prova foi excelente e  estou muito satisfeito com o resultado&#8221;, comemorou o brasileiro.<\/p>\n<p>Nesta edi\u00e7\u00e3o da Copa do Mundo, Thiago Pereira conquistou quatro ouros no Rio  de Janeiro (100m, 200m e 400m medley e 200m livre), tr\u00eas em Pequim (200m e 400m  medley e 200m borboleta), quatro em Cingapura (100m, 200m e 400m medley e 200m  borboleta), dois ouros (400m e 100m medley) e uma prata (200m medley) em T\u00f3quio,  e dois ouros (400m e 200m medley) e uma prata (100m medley) em Berlim.<\/p>\n<p>Thiago Pereira treina em Los Angeles (EUA), no Trojan Swim Club, sob o  comando do t\u00e9cnico David Salo, desde agosto do ano passado. A pr\u00f3xima e  pen\u00faltima etapa da Copa do Mundo de Piscina Curta ser\u00e1 disputada em Moscou, na  R\u00fassia, nos dias 2 e 3 de novembro. A \u00faltima etapa, com pontua\u00e7\u00e3o dobrada para o  Ranking da Copa, acontecer\u00e1 em Estocolmo, na Su\u00e9cia, nos dias 6 e 7 de  novembro.<\/p>\n","protected":false},"excerpt":{"rendered":"<p>Thiago Pereira conquistou a medalha de ouro nos 200m medley na etapa da Alemanha da Copa do Mundo de Piscina Curta, disputada no Parque Aqu\u00e1tico de Berlim, neste domingo. Com o tempo de 1min52seg81, o brasileiro superou o sul-africano recordista mundial da prova Darian Townsend, segundo colocado (1min54seg91). O terceiro lugar ficou com o alem\u00e3o [&hellip;]<\/p>\n","protected":false},"author":3,"featured_media":0,"comment_status":"open","ping_status":"open","sticky":false,"template":"","format":"standard","meta":{"_genesis_hide_title":false,"_genesis_hide_breadcrumbs":false,"_genesis_hide_singular_image":false,"_genesis_hide_footer_widgets":false,"_genesis_custom_body_class":"","_genesis_custom_post_class":"","_genesis_layout":"","_jetpack_memberships_contains_paid_content":false,"footnotes":""},"categories":[22],"tags":[],"class_list":{"0":"post-32217","1":"post","2":"type-post","3":"status-publish","4":"format-standard","6":"category-brasil","7":"entry","8":"gs-1","9":"gs-odd","10":"gs-even","11":"gs-featured-content-entry"},"jetpack_featured_media_url":"","jetpack_sharing_enabled":true,"jetpack_likes_enabled":true,"_links":{"self":[{"href":"https:\/\/www.redenoticia.com.br\/noticia\/wp-json\/wp\/v2\/posts\/32217","targetHints":{"allow":["GET"]}}],"collection":[{"href":"https:\/\/www.redenoticia.com.br\/noticia\/wp-json\/wp\/v2\/posts"}],"about":[{"href":"https:\/\/www.redenoticia.com.br\/noticia\/wp-json\/wp\/v2\/types\/post"}],"author":[{"embeddable":true,"href":"https:\/\/www.redenoticia.com.br\/noticia\/wp-json\/wp\/v2\/users\/3"}],"replies":[{"embeddable":true,"href":"https:\/\/www.redenoticia.com.br\/noticia\/wp-json\/wp\/v2\/comments?post=32217"}],"version-history":[{"count":0,"href":"https:\/\/www.redenoticia.com.br\/noticia\/wp-json\/wp\/v2\/posts\/32217\/revisions"}],"wp:attachment":[{"href":"https:\/\/www.redenoticia.com.br\/noticia\/wp-json\/wp\/v2\/media?parent=32217"}],"wp:term":[{"taxonomy":"category","embeddable":true,"href":"https:\/\/www.redenoticia.com.br\/noticia\/wp-json\/wp\/v2\/categories?post=32217"},{"taxonomy":"post_tag","embeddable":true,"href":"https:\/\/www.redenoticia.com.br\/noticia\/wp-json\/wp\/v2\/tags?post=32217"}],"curies":[{"name":"wp","href":"https:\/\/api.w.org\/{rel}","templated":true}]}}