{"id":32213,"date":"2010-11-01T13:06:29","date_gmt":"2010-11-01T17:06:29","guid":{"rendered":"http:\/\/www.redenoticia.com.br\/noticia\/?p=32213"},"modified":"2010-11-01T13:06:29","modified_gmt":"2010-11-01T17:06:29","slug":"clube-da-comedia-stand-up-no-teatro-procopio-ferreira","status":"publish","type":"post","link":"https:\/\/www.redenoticia.com.br\/noticia\/2010\/clube-da-comedia-stand-up-no-teatro-procopio-ferreira\/32213","title":{"rendered":"Clube da Com\u00e9dia Stand Up&#8221; no Teatro Proc\u00f3pio Ferreira"},"content":{"rendered":"<p>Quem ainda n\u00e3o conferiu ao show do <strong><em>Clube da Com\u00e9dia Stand Up<\/em><\/strong> agora ter\u00e1 mais uma  oportunidade de se programar e garantir a sess\u00e3o do riso. O grupo que j\u00e1 levou  mais de 250 mil pessoas ao teatro permanece em cartaz no Proc\u00f3pio Ferreira at\u00e9  15 de dezembro, toda quarta feira \u00e0s 21h.<\/p>\n<p>Precursor do g\u00eanero stand up  no Brasil, o grupo mant\u00e9m o elenco fixo desde 2005 com Danilo Gentili, Marcela  Leal, Marcelo Mansfield e Oscar Filho (com exce\u00e7\u00e3o do Rafinha Bastos, que n\u00e3o  faz mais parte do elenco fixo). A apresenta\u00e7\u00e3o segue a tradicional noite de  stand-up numa sequ\u00eancia de apresenta\u00e7\u00f5es individuais, pontuada com a  participa\u00e7\u00e3o do convidado especial do m\u00eas e conduzida pelo Mestre de Cerim\u00f4nia,  onde prometem arrancar muitos risos da plat\u00e9ia.<\/p>\n<p>SERVI\u00c7OS<br \/>\nClube da  Com\u00e9dia<br \/>\ncom Danilo Gentili, Marcelo Mansfield, Marcela Leal, Oscar Filho e  Convidados<br \/>\nTodas as quartas feiras \u00e0s 21h at\u00e9 15 de dezembro<br \/>\nLocal:  Teatro Proc\u00f3pio Ferreira<br \/>\nRua Augusta, 2823 \u2013 Jardins<br \/>\nS\u00e3o Paulo<br \/>\nG\u00eanero: Stand Up Comedy \/ Com\u00e9dia<br \/>\nDura\u00e7\u00e3o: 70 minutos<br \/>\nIngressos: R$  40,00 (Inteira) e R$ 20,00 (meia \u2013 carteirinha de estudante e idosos)<br \/>\nCapacidade: 670 lugares<br \/>\nClassifica\u00e7\u00e3o: 14 anos<br \/>\nBilheteria: De ter\u00e7a  a domingo das 14h \u00e0s 19h ou at\u00e9 o in\u00edcio das sess\u00f5es.<br \/>\nVendas tamb\u00e9m pelo  site www.ingressorapido.com.br<br \/>\nO teatro possui lugares para portadores de  necessidades especiais<br \/>\nMais informa\u00e7\u00f5es: (11) 3083-4475<br \/>\nEstacionamento:  MultiPark &#8211; R. Augusta, 2665 (R$ 10,00)<\/p>\n","protected":false},"excerpt":{"rendered":"<p>Quem ainda n\u00e3o conferiu ao show do Clube da Com\u00e9dia Stand Up agora ter\u00e1 mais uma oportunidade de se programar e garantir a sess\u00e3o do riso. O grupo que j\u00e1 levou mais de 250 mil pessoas ao teatro permanece em cartaz no Proc\u00f3pio Ferreira at\u00e9 15 de dezembro, toda quarta feira \u00e0s 21h. Precursor do [&hellip;]<\/p>\n","protected":false},"author":3,"featured_media":0,"comment_status":"open","ping_status":"open","sticky":false,"template":"","format":"standard","meta":{"_genesis_hide_title":false,"_genesis_hide_breadcrumbs":false,"_genesis_hide_singular_image":false,"_genesis_hide_footer_widgets":false,"_genesis_custom_body_class":"","_genesis_custom_post_class":"","_genesis_layout":"","_jetpack_memberships_contains_paid_content":false,"footnotes":""},"categories":[22],"tags":[],"class_list":{"0":"post-32213","1":"post","2":"type-post","3":"status-publish","4":"format-standard","6":"category-brasil","7":"entry","8":"gs-1","9":"gs-odd","10":"gs-even","11":"gs-featured-content-entry"},"jetpack_featured_media_url":"","jetpack_sharing_enabled":true,"jetpack_likes_enabled":true,"_links":{"self":[{"href":"https:\/\/www.redenoticia.com.br\/noticia\/wp-json\/wp\/v2\/posts\/32213","targetHints":{"allow":["GET"]}}],"collection":[{"href":"https:\/\/www.redenoticia.com.br\/noticia\/wp-json\/wp\/v2\/posts"}],"about":[{"href":"https:\/\/www.redenoticia.com.br\/noticia\/wp-json\/wp\/v2\/types\/post"}],"author":[{"embeddable":true,"href":"https:\/\/www.redenoticia.com.br\/noticia\/wp-json\/wp\/v2\/users\/3"}],"replies":[{"embeddable":true,"href":"https:\/\/www.redenoticia.com.br\/noticia\/wp-json\/wp\/v2\/comments?post=32213"}],"version-history":[{"count":0,"href":"https:\/\/www.redenoticia.com.br\/noticia\/wp-json\/wp\/v2\/posts\/32213\/revisions"}],"wp:attachment":[{"href":"https:\/\/www.redenoticia.com.br\/noticia\/wp-json\/wp\/v2\/media?parent=32213"}],"wp:term":[{"taxonomy":"category","embeddable":true,"href":"https:\/\/www.redenoticia.com.br\/noticia\/wp-json\/wp\/v2\/categories?post=32213"},{"taxonomy":"post_tag","embeddable":true,"href":"https:\/\/www.redenoticia.com.br\/noticia\/wp-json\/wp\/v2\/tags?post=32213"}],"curies":[{"name":"wp","href":"https:\/\/api.w.org\/{rel}","templated":true}]}}