{"id":32211,"date":"2010-11-01T13:03:03","date_gmt":"2010-11-01T17:03:03","guid":{"rendered":"http:\/\/www.redenoticia.com.br\/noticia\/?p=32211"},"modified":"2010-11-01T13:03:03","modified_gmt":"2010-11-01T17:03:03","slug":"salao-do-automovel-2010-no-feriadao","status":"publish","type":"post","link":"https:\/\/www.redenoticia.com.br\/noticia\/2010\/salao-do-automovel-2010-no-feriadao\/32211","title":{"rendered":"Sal\u00e3o do Autom\u00f3vel 2010 no feriad\u00e3o"},"content":{"rendered":"<p><img loading=\"lazy\" decoding=\"async\" class=\"alignleft size-full wp-image-32126\" title=\"salao do automovel\" src=\"https:\/\/www.redenoticia.com.br\/noticia\/imagens\/salao-do-automovel.jpg\" alt=\"\" width=\"300\" height=\"193\" srcset=\"https:\/\/www.redenoticia.com.br\/noticia\/imagens\/salao-do-automovel.jpg 300w, https:\/\/www.redenoticia.com.br\/noticia\/imagens\/salao-do-automovel-250x160.jpg 250w, https:\/\/www.redenoticia.com.br\/noticia\/imagens\/salao-do-automovel-150x96.jpg 150w\" sizes=\"auto, (max-width: 300px) 100vw, 300px\" \/>Junto com centenas de modelos de autom\u00f3veis fabricados no Pa\u00eds e importados, o \u00a0<strong><em>Sal\u00e3o do Autom\u00f3vel <\/em><\/strong>2010 oferece uma s\u00e9rie de atra\u00e7\u00f5es para toda a  fam\u00edlia, que podem ser aproveitadas pelos visitantes at\u00e9 o dia 07 de novembro,  inclusive nesse feriad\u00e3o. Confira abaixo algumas das atra\u00e7\u00f5es:<\/p>\n<p>Para as crian\u00e7as &#8211; Os pais que vierem ao SAL\u00c3O com seus filhos encontrar\u00e3o  uma gama muito grande de atividades para os pequeninos. A Garagem Kids, da Ford,  oferece diversos tipos de recrea\u00e7\u00e3o. Crian\u00e7as de qualquer idade participam de  oficinas: aprendem a plantar \u00e1rvores e a fazer brinquedos com material  recicl\u00e1vel. Tanto a \u00e1rvore plantada como os brinquedos montados podem ser  levados para a casa. Eles ainda t\u00eam a oportunidade de brincar com bichinhos de  bal\u00e3o (bexiga) ou fazer maquiagem infantil. Mais divers\u00e3o pode ser encontrada no  estande da Fiat. L\u00e1 est\u00e3o expostos tr\u00eas r\u00e9plicas de personagens do filme  \u201cCarros\u201d, da Disney.<\/p>\n<p>No \u201cEspa\u00e7o Kids Funda\u00e7\u00e3o Volkswagen\u201d crian\u00e7as de 5 a 14 anos participam de  uma oficina baseada no projeto \u201cCosturando o Futuro\u201d, da montadora. Elas  aprendem, com algumas costureiras participantes do projeto, o que \u00e9 moda e o que  \u00e9 customizar. Em cada oficina, que dura cerca de 40 minutos, meninos e meninas  podem estilizar camisetas e capas de super-her\u00f3is.<\/p>\n<p>Outras a\u00e7\u00f5es est\u00e3o \u00e0 disposi\u00e7\u00e3o da crian\u00e7ada no \u201cClubinho Honda\u201d.  Crian\u00e7as de 4 a 12 anos brincam com jogos educativos sobre orienta\u00e7\u00e3o no  tr\u00e2nsito, videogames, jogos de tabuleiro e etc. Ao final, cada participante  recebe um gibi da Turma da M\u00f4nica, um gibi educativo \u201cClubinho Honda\u201d e um  chaveiro.<\/p>\n<p>Espec\u00edfico para as mulheres &#8211; A Volkswagen do Brasil, em parceria com a  empresa de cosm\u00e9ticos Risqu\u00e9 e com o estilista Reinaldo Louren\u00e7o, criou o Espa\u00e7o  Mulher. Quem visitar o estande da marca pode fazer as unhas e escolher entre as  cores de esmalte que ir\u00e3o compor 12 cores aplicadas nas carrocerias dos modelos  Volkswagen. Entre elas est\u00e3o: amarelo Gol Rallye, azul Polo, laranja Cross Fox e  preto Golf. As visitantes ainda poder\u00e3o conferir algumas pe\u00e7as da cole\u00e7\u00e3o do  estilista Reinaldo Louren\u00e7o, que foram criadas tendo como tema os  autom\u00f3veis.<\/p>\n<p>Especial para os homens &#8211; No estande da Nivea, que fica na rua I24, pr\u00f3ximo \u00e0  pra\u00e7a de alimenta\u00e7\u00e3o, uma barbearia est\u00e1 atendendo homens com hor\u00e1rio marcado,  basta agendar. Al\u00e9m de fazer a barba, os homens tamb\u00e9m recebem uma massagem no  rosto.<\/p>\n<p>Atra\u00e7\u00f5es para todas as idades &#8211; Na KIA Motors, a cada hora, um carro Mohave  se transforma em um rob\u00f4 de quase cinco metros de altura, dando boas vindas aos  visitantes do SAL\u00c3O. No estande da Renault, de uma em uma hora, dan\u00e7arinas se  apresentam fazendo \u201cquick change\u201d (troca r\u00e1pida, em portugu\u00eas), uma analogia \u00e0  precis\u00e3o da marca no desenvolvimento de seus produtos e inova\u00e7\u00f5es.<\/p>\n<p>J\u00e1 no estande da Peugeot foi criado um t\u00fanel do tempo com uma exposi\u00e7\u00e3o de  fotos e acess\u00f3rios antigos que contam a hist\u00f3ria dos 200 anos da montadora. A  empresa tamb\u00e9m est\u00e1 realizando uma exposi\u00e7\u00e3o de ve\u00edculos da marca em  miniaturas.<\/p>\n<p>Outro estande que atrai bastante a aten\u00e7\u00e3o da garotada e dos jovens em geral  \u00e9 o da Citro\u00ebn. A montadora est\u00e1 expondo o GT by Citro\u00ebn, ve\u00edculo criado tendo  como base o carro do jogo de videogame \u201cGrand Turismo 5 Prologue\u201d. O b\u00f3lido  chega a at\u00e9 340 km\/h. Crian\u00e7as e adultos podem simular corridas no estande.  Durante todos os dias, das 18h \u00e0s 19h, a empresa faz campeonatos de corrida em  simuladores (podem participar maiores de 18 anos) e o vencedor, de cada dia,  leva para casa um jogo de Playstation, \u201cGrand Turismo 5 Prologue\u201d.<\/p>\n<p>A Ford est\u00e1 apostando na interatividade e conectividade do p\u00fablico com seus  carros. Em seu estande, a empresa investe na criatividade, seguran\u00e7a, qualidade  e sustentabilidade. No quesito seguran\u00e7a, crian\u00e7as e adultos fazem uma simula\u00e7\u00e3o  da pista de testes da Ford, em Tatu\u00ed, como se estivessem pilotando o novo Ford  Focus.<\/p>\n<p>Um dos destaques \u00e9 o estande da General Motors. S\u00e3o in\u00fameras as atra\u00e7\u00f5es: h\u00e1  um Xbox &#8211; videogame com sensor de movimento, atrav\u00e9s do qual os visitantes  conseguem pilotar ve\u00edculos apenas com o movimento dos bra\u00e7os e do corpo; uma  pequena pista de autorama foi montada no local e de 15 em 15 minutos s\u00e3o  realizadas competi\u00e7\u00f5es. Os vencedores ganham uma mini c\u00f3pia do Chevrolet Camaro;  h\u00e1 ainda uma r\u00e9plica gigante do Bumblebee, personagem fict\u00edcio do filme  \u201cTransformers\u201d, al\u00e9m de pequenas apresenta\u00e7\u00f5es que s\u00e3o realizadas no estande e  duram cerca de 15 minutos. Ao final de cada apresenta\u00e7\u00e3o um carro que voa \u2013  tamb\u00e9m um Camaro &#8211; surge entre os visitantes.<\/p>\n<p>Adolescentes e adultos encontram no estande da Cantupneus, distribuidora  exclusiva da Marshal, um carrinho de looping, semelhante ao que se encontra em  parque de divers\u00f5es. O ve\u00edculo \u00e9 el\u00e9trico e consegue dar um giro de 360 graus  dependendo do impulso do piloto.<\/p>\n<p>Shows, uma atra\u00e7\u00e3o \u00e0 parte &#8211; Se mesmo com tantas atividades, o p\u00fablico ainda  sentir falta de divers\u00e3o, a pedida pode ser o estande da Volkswagen, que criou  em seu espa\u00e7o uma arena onde est\u00e3o sendo realizados shows di\u00e1rios de diversas  celebridades: nos pr\u00f3ximos dias 30\/10, 06\/11 e 07\/11, Emanuelle Ara\u00fajo far\u00e1  apresenta\u00e7\u00f5es. Nos dias 31\/10, 01 e 02\/11 \u00e9 a vez da cantora Pitty e, por fim,  nos dias 03, 04 e 05\/11, Roger Moreira, vocalista do Ultraje a Rigor. As senhas  para os shows s\u00e3o entregues para quem estiver visitando o estande da montadora.  A primeira apresenta\u00e7\u00e3o acontece \u00e0s 14h de cada dia e depois se repete a cada  1h30.<\/p>\n<p>Neste ano, em que o piloto Ayrton Senna completaria 50 anos &#8211; assim como o  SAL\u00c3O &#8211; o Instituto Ayrton Senna, em parceria com a Reed Exhibitions Alcantara  Machado, empresa organizadora do Evento, participa do evento, trazendo para o  SAL\u00c3O a L\u00f3tus 98T do piloto, carro de corrida usada por Ayrton em 1986, quando  ele venceu, pela primeira vez, uma corrida de F\u00f3rmula 1. A Lotus 99T amarela,  usada por Ayrton Senna na temporada de 1987, tamb\u00e9m est\u00e1 sendo exposta no SAL\u00c3O,  no estande do banco Bradesco.<\/p>\n<p>A 26\u00aa edi\u00e7\u00e3o do SAL\u00c3O INTERNACIONAL DO AUTOM\u00d3VEL, que comemora os 50 anos da  realiza\u00e7\u00e3o do evento, re\u00fane 450 modelos de ve\u00edculos de 42 diferentes marcas de  empresas instaladas no Pa\u00eds e de importados. Aberto ao p\u00fablico na quarta-feira,  dia 27\/10, o SAL\u00c3O estar\u00e1 aberto ao p\u00fablico at\u00e9 o dia 07 de novembro.<\/p>\n<p>Bilheteria:<br \/>\nOs ingressos nas bilheterias t\u00eam o pre\u00e7o de R$ 40,00 para  adultos e de R$ 30,00 para crian\u00e7as de 5 a 12 anos, por dia de visita\u00e7\u00e3o.<\/p>\n<p>Quem apoia<br \/>\nO SAL\u00c3O INTERNACIONAL DO AUTOM\u00d3VEL conta com o patroc\u00ednio da  ANFAVEA (Associa\u00e7\u00e3o Nacional dos Fabricantes de Ve\u00edculos Automotores),  co-patroc\u00ednio da ABEIVA (Associa\u00e7\u00e3o Brasileira das Empresas Importadoras de  Ve\u00edculos Automotores) e o apoio do SINDIPE\u00c7AS (Sindicato Nacional da Ind\u00fastria  de Componentes para Ve\u00edculos Automotores).<\/p>\n<p>Mais informa\u00e7\u00f5es:<br \/>\n26\u00ba SAL\u00c3O INTERNACIONAL DO AUTOM\u00d3VEL<br \/>\nData: 27 de  Outubro a 7 de Novembro de 2010<br \/>\nHor\u00e1rio: 27\/10 &#8211; das 14h \u00e0s 22h (entrada at\u00e9  \u00e0s 21h)<br \/>\n28\/10 a 06\/11 &#8211; das 13h \u00e0s 22h (entrada at\u00e9 \u00e0s 21h)<br \/>\n07\/11 &#8211; das  11h \u00e0s 19h (entrada at\u00e9 17h)<br \/>\nLocal: Pavilh\u00e3o de Exposi\u00e7\u00f5es do Anhembi &#8211; Av.  Olavo Fontoura, 1.209 &#8211; Santana &#8211; S\u00e3o Paulo \u2013  SP<br \/>\n<a href=\"http:\/\/www.salaodoautomovel.com.br\" target=\"_blank\">www.salaodoautomovel.com.br<\/a><\/p>\n","protected":false},"excerpt":{"rendered":"<p>Junto com centenas de modelos de autom\u00f3veis fabricados no Pa\u00eds e importados, o \u00a0Sal\u00e3o do Autom\u00f3vel 2010 oferece uma s\u00e9rie de atra\u00e7\u00f5es para toda a fam\u00edlia, que podem ser aproveitadas pelos visitantes at\u00e9 o dia 07 de novembro, inclusive nesse feriad\u00e3o. Confira abaixo algumas das atra\u00e7\u00f5es: Para as crian\u00e7as &#8211; Os pais que vierem ao [&hellip;]<\/p>\n","protected":false},"author":3,"featured_media":32126,"comment_status":"open","ping_status":"open","sticky":false,"template":"","format":"standard","meta":{"_genesis_hide_title":false,"_genesis_hide_breadcrumbs":false,"_genesis_hide_singular_image":false,"_genesis_hide_footer_widgets":false,"_genesis_custom_body_class":"","_genesis_custom_post_class":"","_genesis_layout":"","_jetpack_memberships_contains_paid_content":false,"footnotes":""},"categories":[22],"tags":[],"class_list":{"0":"post-32211","1":"post","2":"type-post","3":"status-publish","4":"format-standard","5":"has-post-thumbnail","7":"category-brasil","8":"entry","9":"gs-1","10":"gs-odd","11":"gs-even","12":"gs-featured-content-entry"},"jetpack_featured_media_url":"https:\/\/www.redenoticia.com.br\/noticia\/imagens\/salao-do-automovel.jpg","jetpack_sharing_enabled":true,"jetpack_likes_enabled":true,"_links":{"self":[{"href":"https:\/\/www.redenoticia.com.br\/noticia\/wp-json\/wp\/v2\/posts\/32211","targetHints":{"allow":["GET"]}}],"collection":[{"href":"https:\/\/www.redenoticia.com.br\/noticia\/wp-json\/wp\/v2\/posts"}],"about":[{"href":"https:\/\/www.redenoticia.com.br\/noticia\/wp-json\/wp\/v2\/types\/post"}],"author":[{"embeddable":true,"href":"https:\/\/www.redenoticia.com.br\/noticia\/wp-json\/wp\/v2\/users\/3"}],"replies":[{"embeddable":true,"href":"https:\/\/www.redenoticia.com.br\/noticia\/wp-json\/wp\/v2\/comments?post=32211"}],"version-history":[{"count":0,"href":"https:\/\/www.redenoticia.com.br\/noticia\/wp-json\/wp\/v2\/posts\/32211\/revisions"}],"wp:featuredmedia":[{"embeddable":true,"href":"https:\/\/www.redenoticia.com.br\/noticia\/wp-json\/wp\/v2\/media\/32126"}],"wp:attachment":[{"href":"https:\/\/www.redenoticia.com.br\/noticia\/wp-json\/wp\/v2\/media?parent=32211"}],"wp:term":[{"taxonomy":"category","embeddable":true,"href":"https:\/\/www.redenoticia.com.br\/noticia\/wp-json\/wp\/v2\/categories?post=32211"},{"taxonomy":"post_tag","embeddable":true,"href":"https:\/\/www.redenoticia.com.br\/noticia\/wp-json\/wp\/v2\/tags?post=32211"}],"curies":[{"name":"wp","href":"https:\/\/api.w.org\/{rel}","templated":true}]}}