{"id":32205,"date":"2010-10-31T16:22:20","date_gmt":"2010-10-31T20:22:20","guid":{"rendered":"http:\/\/www.redenoticia.com.br\/noticia\/?p=32205"},"modified":"2010-11-01T12:19:33","modified_gmt":"2010-11-01T16:19:33","slug":"meteorologia-%e2%80%93-previsao-do-tempo-para-esta-segunda-feira-0110","status":"publish","type":"post","link":"https:\/\/www.redenoticia.com.br\/noticia\/2010\/meteorologia-%e2%80%93-previsao-do-tempo-para-esta-segunda-feira-0110\/32205","title":{"rendered":"Meteorologia \u2013 previs\u00e3o do tempo para esta segunda-feira 01\/11"},"content":{"rendered":"<p><img loading=\"lazy\" decoding=\"async\" class=\"alignleft size-full wp-image-28409\" title=\"previsao do tempo e temperatura\" src=\"https:\/\/www.redenoticia.com.br\/noticia\/imagens\/previsao-do-tempo-e-temperatura.jpg\" alt=\"\" width=\"300\" height=\"193\" srcset=\"https:\/\/www.redenoticia.com.br\/noticia\/imagens\/previsao-do-tempo-e-temperatura.jpg 300w, https:\/\/www.redenoticia.com.br\/noticia\/imagens\/previsao-do-tempo-e-temperatura-250x160.jpg 250w, https:\/\/www.redenoticia.com.br\/noticia\/imagens\/previsao-do-tempo-e-temperatura-150x96.jpg 150w\" sizes=\"auto, (max-width: 300px) 100vw, 300px\" \/><\/p>\n<p>Previs\u00e3o do tempo \u2013 a <strong><em>meteorologia<\/em><\/strong> divulgou a <strong><em>previs\u00e3o do tempo<\/em><\/strong> e <strong><em>temperatura<\/em><\/strong> para esta segunda-feira (01\/11) e informa que o c\u00e9u estar\u00e1 nublado e haver\u00e1 pancadas de chuva em parte do Sudeste, Centro-Oeste e Norte do pa\u00eds. Segundo a previs\u00e3o do tempo em algumas localidades do RJ, de MG, de GO, de MT, do AM, do sul do PA poder\u00e1 chover forte. Dados da previs\u00e3o do tempo indicam que na faixa litor\u00e2nea do RS haver\u00e1 chuva isolada. Pela manh\u00e3 haver\u00e1 pancadas de chuva ocorrer\u00e3o pela manh\u00e3 no norte e nordeste de SP. A previs\u00e3o do tempo destaca que nas demais \u00e1reas o dia ser\u00e1 de sol e poucas nuvens. As temperaturas estar\u00e3o est\u00e1veis.<\/p>\n<p>Vale do Para\u00edba \u2013 previs\u00e3o do tempo em 01\/11, o dia ter\u00e1 pancadas de chuva pela manh\u00e3 no Alto Vale. Nas demais \u00e1reas da regi\u00e3o haver\u00e1 muitas nuvens e pancadas de chuva. As temperaturas estar\u00e3o amenas.<\/p>\n<p>Regi\u00e3o Centro-Oeste \u2013 previs\u00e3o do tempo em 01\/11\/2010: No centro-noroeste do MT: nublado com fortes pancadas de chuva. No leste do MT e centro-leste de GO: muitas nuvens e chuva. No sul do MT, norte do MS e extremo sudoeste de GO: pancadas de chuva pela manh\u00e3. No extremo leste do MS: sol e varia\u00e7\u00e3o de nuvens. Nas demais \u00e1reas do MS: dia de sol. Nas demais \u00e1reas da Regi\u00e3o: fortes pancadas de chuva. Temperaturas amenas no sul de GO e do MT. Temperatura M\u00e1xima: 34C no norte de MT. Temperatura M\u00ednima: 10C no sul do MS.<\/p>\n<p>Regi\u00e3o Nordeste \u2013 previs\u00e3o do tempo em 01\/11\/2010: No interior do PI, sul do CE, oeste do RN, PB, PE e norte da BA: dia de sol. No extremo sudeste de AL, no leste de SE e litoral nordeste da BA: pequena chance de pancadas de chuva. Nas demais \u00e1reas da Regi\u00e3o: sol e poucas nuvens. Temperaturas est\u00e1veis. Temperatura m\u00e1xima: 38C no norte do PI. Temperatura m\u00ednima: 18C no interior da BA.<\/p>\n<p>Regi\u00e3o Norte \u2013 previs\u00e3o do tempo em 01\/11\/2010: No AC, centro-norte de RO, extremo sudoeste do PA e sul da AM: nublado com fortes pancadas de chuva. No sul de RO: pancadas de chuva pela manh\u00e3. No AP, norte e nordeste do PA: dia de sol e poucas nuvens. No extremo sudeste do PA: pequena chance de pancadas de chuva \u00e0 partir da tarde. Nas demais \u00e1reas da Regi\u00e3o: pancadas de chuva. Temperaturas est\u00e1veis. Temperatura m\u00e1xima: 38C no oeste do PA. Temperatura m\u00ednima: 14C no oeste do AC.<\/p>\n<p>Regi\u00e3o Sudeste \u2013 previs\u00e3o do tempo em 01\/11\/2010: No extremo oeste de SP: dia de sol. No sul de SP: sol e poucas nuvens. No centro-leste de SP e oeste de SP: sol e varia\u00e7\u00e3o de nuvens. No norte de SP e Alto Vale de SP: pancadas de chuva pela manh\u00e3. No Vale Hist\u00f3rico e sul de MG, centro-leste e oeste de MG, sul do RJ e centro-norte do ES: pancadas de chuva. No norte de MG e do ES: sol e poucas nuvens. Nas demais \u00e1reas da Regi\u00e3o: muitas nuvens e chuva, que podem ser localmente fortes. Temperaturas amenas no leste da Regi\u00e3o. Temperatura m\u00e1xima: 30C no Tri\u00e2ngulo Mineiro. Temperatura m\u00ednima: 14C no sudoeste de SP.<\/p>\n<p>Regi\u00e3o Sul \u2013 previs\u00e3o do tempo em 01\/11\/2010: No centro-leste do PR e de SC e nordeste do RS: sol e poucas nuvens. Na extrema faixa leste do RS: chuva isolada. No leste do RS e extremo sudeste de SC: sol e varia\u00e7\u00e3o de nuvens. Nas demais \u00e1reas da Regi\u00e3o: sol. Temperaturas amenas. Temperatura m\u00e1xima: 26C no norte do PR.. Temperatura m\u00ednima: 06C nas \u00e1reas de Serra.<\/p>\n<p>Previs\u00e3o do tempo e temperatura CPTEC<\/p>\n","protected":false},"excerpt":{"rendered":"<p>Previs\u00e3o do tempo \u2013 a meteorologia divulgou a previs\u00e3o do tempo e temperatura para esta segunda-feira (01\/11) e informa que o c\u00e9u estar\u00e1 nublado e haver\u00e1 pancadas de chuva em parte do Sudeste, Centro-Oeste e Norte do pa\u00eds. Segundo a previs\u00e3o do tempo em algumas localidades do RJ, de MG, de GO, de MT, do [&hellip;]<\/p>\n","protected":false},"author":3,"featured_media":28409,"comment_status":"open","ping_status":"open","sticky":false,"template":"","format":"standard","meta":{"_genesis_hide_title":false,"_genesis_hide_breadcrumbs":false,"_genesis_hide_singular_image":false,"_genesis_hide_footer_widgets":false,"_genesis_custom_body_class":"","_genesis_custom_post_class":"","_genesis_layout":"","_jetpack_memberships_contains_paid_content":false,"footnotes":""},"categories":[22],"tags":[],"class_list":{"0":"post-32205","1":"post","2":"type-post","3":"status-publish","4":"format-standard","5":"has-post-thumbnail","7":"category-brasil","8":"entry","9":"gs-1","10":"gs-odd","11":"gs-even","12":"gs-featured-content-entry"},"jetpack_featured_media_url":"https:\/\/www.redenoticia.com.br\/noticia\/imagens\/previsao-do-tempo-e-temperatura.jpg","jetpack_sharing_enabled":true,"jetpack_likes_enabled":true,"_links":{"self":[{"href":"https:\/\/www.redenoticia.com.br\/noticia\/wp-json\/wp\/v2\/posts\/32205","targetHints":{"allow":["GET"]}}],"collection":[{"href":"https:\/\/www.redenoticia.com.br\/noticia\/wp-json\/wp\/v2\/posts"}],"about":[{"href":"https:\/\/www.redenoticia.com.br\/noticia\/wp-json\/wp\/v2\/types\/post"}],"author":[{"embeddable":true,"href":"https:\/\/www.redenoticia.com.br\/noticia\/wp-json\/wp\/v2\/users\/3"}],"replies":[{"embeddable":true,"href":"https:\/\/www.redenoticia.com.br\/noticia\/wp-json\/wp\/v2\/comments?post=32205"}],"version-history":[{"count":0,"href":"https:\/\/www.redenoticia.com.br\/noticia\/wp-json\/wp\/v2\/posts\/32205\/revisions"}],"wp:featuredmedia":[{"embeddable":true,"href":"https:\/\/www.redenoticia.com.br\/noticia\/wp-json\/wp\/v2\/media\/28409"}],"wp:attachment":[{"href":"https:\/\/www.redenoticia.com.br\/noticia\/wp-json\/wp\/v2\/media?parent=32205"}],"wp:term":[{"taxonomy":"category","embeddable":true,"href":"https:\/\/www.redenoticia.com.br\/noticia\/wp-json\/wp\/v2\/categories?post=32205"},{"taxonomy":"post_tag","embeddable":true,"href":"https:\/\/www.redenoticia.com.br\/noticia\/wp-json\/wp\/v2\/tags?post=32205"}],"curies":[{"name":"wp","href":"https:\/\/api.w.org\/{rel}","templated":true}]}}