{"id":32203,"date":"2010-10-30T18:31:56","date_gmt":"2010-10-30T22:31:56","guid":{"rendered":"http:\/\/www.redenoticia.com.br\/noticia\/?p=32203"},"modified":"2010-10-31T13:38:09","modified_gmt":"2010-10-31T17:38:09","slug":"meteorologia-%e2%80%93-previsao-do-tempo-para-este-domingo-3110","status":"publish","type":"post","link":"https:\/\/www.redenoticia.com.br\/noticia\/2010\/meteorologia-%e2%80%93-previsao-do-tempo-para-este-domingo-3110\/32203","title":{"rendered":"Meteorologia \u2013 previs\u00e3o do tempo para este domingo 31\/10"},"content":{"rendered":"<p><img loading=\"lazy\" decoding=\"async\" class=\"alignleft size-full wp-image-28409\" title=\"previsao do tempo e temperatura\" src=\"https:\/\/www.redenoticia.com.br\/noticia\/imagens\/previsao-do-tempo-e-temperatura.jpg\" alt=\"\" width=\"300\" height=\"193\" srcset=\"https:\/\/www.redenoticia.com.br\/noticia\/imagens\/previsao-do-tempo-e-temperatura.jpg 300w, https:\/\/www.redenoticia.com.br\/noticia\/imagens\/previsao-do-tempo-e-temperatura-250x160.jpg 250w, https:\/\/www.redenoticia.com.br\/noticia\/imagens\/previsao-do-tempo-e-temperatura-150x96.jpg 150w\" sizes=\"auto, (max-width: 300px) 100vw, 300px\" \/>Previs\u00e3o do tempo \u2013 a <strong><em>meteorologia<\/em><\/strong> divulgou a <strong><em>previs\u00e3o do tempo<\/em><\/strong> e <strong><em>temperatura<\/em><\/strong> para este domingo 31\/10\u00a0e informa que haver\u00e1 chuva e grande parte das regi\u00f5es Norte, Centro-Oeste e Sudeste.\u00a0Segundo a previs\u00e3o do tempo no nordeste predomina o Sol e varia\u00e7\u00f5es de nuvens. \u00a0A previs\u00e3o do tempo destaca que\u00a0na Regi\u00e3o Sul o sol predomina. Dados da previs\u00e3o do tempo indicam que no\u00a0Vale do Para\u00edba o dia ter\u00e1 muitas nuvens e chuva por causa de uma frente fria que chegar\u00e1 no fim do dia. As temperaturas m\u00e1ximas estar\u00e3o em decl\u00ednio.<\/p>\n<p>Regi\u00e3o Centro-Oeste \u2013 previs\u00e3o do tempo em 31\/10\/2010: No centro-oeste e sudeste de MT, centro-sul de GO, nordeste de MS: muitas nuvens e chuva. No centro-sul do MS: sol. No centro-oeste e sudeste do MS: chuva pela manh\u00e3. Nas demais \u00e1reas da Regi\u00e3o: sol entre nebulosidade vari\u00e1vel e com fortes pancadas de chuva. Temperatura amenas no sul da regi\u00e3o. Temperatura M\u00e1xima: 38C no noroeste de MT. Temperatura M\u00ednima: 14C no sul do MS.<\/p>\n<p>Regi\u00e3o Nordeste \u2013 previs\u00e3o do tempo em 31\/10\/2010: No litoral de PB, PE e AL: possibilidade de chuva. No litoral de SE e BA: sol e varia\u00e7\u00e3o de nuvens. No norte do MA: pequena chance de pancadas de chuva \u00e0 tarde. No extremo sul do MA: pequena chance de pancadas de chuva. Nas demais \u00e1reas do MA, no PI e interior da BA: sol. Nas demais \u00e1reas da Regi\u00e3o: sol e poucas nuvens. Temperaturas est\u00e1veis.<\/p>\n<p>Regi\u00e3o Norte \u2013 previs\u00e3o do tempo em 31\/10\/2010: No nordeste do PA e leste do AP: sol com varia\u00e7\u00e3o de nuvens e pequena chance de pancadas de chuva. No centro-norte do PA e demais \u00e1reas do AP: sol e poucas nuvens. No sul do AM e em RO: muitas nuvens com chuva a qualquer hora do dia. Nas demais \u00e1reas do AM, no AC, em RR, no TO e sul e noroeste do PA: sol com varia\u00e7\u00e3o de nuvens e pancadas de chuva isoladas. Nas demais \u00e1reas do PA: predom\u00ednio de sol. Temperaturas est\u00e1veis. Temperatura m\u00e1xima: 38C no oeste do PA. Temperatura m\u00ednima: 18C no noroeste de RR.<\/p>\n<p>Regi\u00e3o Sudeste \u2013 previs\u00e3o do tempo em 31\/10\/2010: No extremo sudoeste de SP e extremo norte de MG: dia de sol. No sudeste de SP: chuva pela manh\u00e3. No centro-norte e leste de SP, centro-sul e sudeste de MG, sul do ES e no RJ: muitas nuvens e chuva. No norte e nordeste de MG e centro-norte do ES: sol e poucas nuvens. Nas demais \u00e1reas da Regi\u00e3o: sol entre nebulosidade vari\u00e1vel e com pancadas de chuva isolada, que podem ser localmente fortes. Temperaturas m\u00e1ximas em decl\u00ednio. Temperatura m\u00e1xima: 30C no Tri\u00e2ngulo Mineiro. Temperatura m\u00ednima: 18C no centro-leste de SP.<\/p>\n<p>Regi\u00e3o Sul \u2013 previs\u00e3o do tempo em 31\/10\/2010: No sul do RS: poucas aberturas de sol e chuva. No leste do RS: sol e poucas nuvens. Nas demais \u00e1reas da Regi\u00e3o: predom\u00ednio de sol. Temperaturas m\u00ednimas baixas na Regi\u00e3o. Temperatura m\u00e1xima: 26C no oeste do RS. Temperatura m\u00ednima: 04C nas \u00e1reas de Serra.<\/p>\n<p>Previs\u00e3o do tempo e temperatura CPTEC<\/p>\n","protected":false},"excerpt":{"rendered":"<p>Previs\u00e3o do tempo \u2013 a meteorologia divulgou a previs\u00e3o do tempo e temperatura para este domingo 31\/10\u00a0e informa que haver\u00e1 chuva e grande parte das regi\u00f5es Norte, Centro-Oeste e Sudeste.\u00a0Segundo a previs\u00e3o do tempo no nordeste predomina o Sol e varia\u00e7\u00f5es de nuvens. \u00a0A previs\u00e3o do tempo destaca que\u00a0na Regi\u00e3o Sul o sol predomina. Dados [&hellip;]<\/p>\n","protected":false},"author":3,"featured_media":28409,"comment_status":"open","ping_status":"open","sticky":false,"template":"","format":"standard","meta":{"_genesis_hide_title":false,"_genesis_hide_breadcrumbs":false,"_genesis_hide_singular_image":false,"_genesis_hide_footer_widgets":false,"_genesis_custom_body_class":"","_genesis_custom_post_class":"","_genesis_layout":"","_jetpack_memberships_contains_paid_content":false,"footnotes":""},"categories":[22],"tags":[],"class_list":{"0":"post-32203","1":"post","2":"type-post","3":"status-publish","4":"format-standard","5":"has-post-thumbnail","7":"category-brasil","8":"entry","9":"gs-1","10":"gs-odd","11":"gs-even","12":"gs-featured-content-entry"},"jetpack_featured_media_url":"https:\/\/www.redenoticia.com.br\/noticia\/imagens\/previsao-do-tempo-e-temperatura.jpg","jetpack_sharing_enabled":true,"jetpack_likes_enabled":true,"_links":{"self":[{"href":"https:\/\/www.redenoticia.com.br\/noticia\/wp-json\/wp\/v2\/posts\/32203","targetHints":{"allow":["GET"]}}],"collection":[{"href":"https:\/\/www.redenoticia.com.br\/noticia\/wp-json\/wp\/v2\/posts"}],"about":[{"href":"https:\/\/www.redenoticia.com.br\/noticia\/wp-json\/wp\/v2\/types\/post"}],"author":[{"embeddable":true,"href":"https:\/\/www.redenoticia.com.br\/noticia\/wp-json\/wp\/v2\/users\/3"}],"replies":[{"embeddable":true,"href":"https:\/\/www.redenoticia.com.br\/noticia\/wp-json\/wp\/v2\/comments?post=32203"}],"version-history":[{"count":0,"href":"https:\/\/www.redenoticia.com.br\/noticia\/wp-json\/wp\/v2\/posts\/32203\/revisions"}],"wp:featuredmedia":[{"embeddable":true,"href":"https:\/\/www.redenoticia.com.br\/noticia\/wp-json\/wp\/v2\/media\/28409"}],"wp:attachment":[{"href":"https:\/\/www.redenoticia.com.br\/noticia\/wp-json\/wp\/v2\/media?parent=32203"}],"wp:term":[{"taxonomy":"category","embeddable":true,"href":"https:\/\/www.redenoticia.com.br\/noticia\/wp-json\/wp\/v2\/categories?post=32203"},{"taxonomy":"post_tag","embeddable":true,"href":"https:\/\/www.redenoticia.com.br\/noticia\/wp-json\/wp\/v2\/tags?post=32203"}],"curies":[{"name":"wp","href":"https:\/\/api.w.org\/{rel}","templated":true}]}}