{"id":32192,"date":"2010-10-29T12:10:13","date_gmt":"2010-10-29T16:10:13","guid":{"rendered":"http:\/\/www.redenoticia.com.br\/noticia\/?p=32192"},"modified":"2010-10-31T18:22:35","modified_gmt":"2010-10-31T22:22:35","slug":"voto-em-transito-sp-podera-ser-feito-em-estacoes-do-metro","status":"publish","type":"post","link":"https:\/\/www.redenoticia.com.br\/noticia\/2010\/voto-em-transito-sp-podera-ser-feito-em-estacoes-do-metro\/32192","title":{"rendered":"Voto em tr\u00e2nsito SP poder\u00e1 ser feito em esta\u00e7\u00f5es do Metr\u00f4"},"content":{"rendered":"<p><strong><em>Elei\u00e7\u00f5es 2010<\/em><\/strong> &#8211; no 2\u00ba turno, os eleitores cadastrados no Tribunal Superior Eleitoral na categoria &#8220;<strong><em>Voto em Tr\u00e2nsito<\/em><\/strong>&#8221; que estiverem em S\u00e3o Paulo neste domingo, 31, poder\u00e3o votar nas esta\u00e7\u00f5es Para\u00edso, na Linha 1- Azul (Jabaquara-Tucuruvi) e Rep\u00fablica, na Linha 3-Vermelha (Corinthians-Itaquera\/Palmeiras-Barra Funda).<\/p>\n<p>Outro ponto de vota\u00e7\u00e3o ser\u00e1 no Memorial da Am\u00e9rica Latina, pr\u00f3ximo \u00e0 esta\u00e7\u00e3o Palmeiras-Barra Funda (Linha 3-Vermelha). Nos tr\u00eas locais, as urnas estar\u00e3o colocadas em \u00e1reas livres. O hor\u00e1rio \u00e9 o mesmo dos outros locais de vota\u00e7\u00e3o: das 8 \u00e0s 17 horas.<\/p>\n<p>Na Esta\u00e7\u00e3o Para\u00edso, as urnas estar\u00e3o no acesso \u00e0 Rua Vergueiro\/Catedral Ortodoxa. Na Esta\u00e7\u00e3o Rep\u00fablica, os eleitores encontrar\u00e3o as urnas em frente \u00e0 linha de bloqueios. No Memorial da Am\u00e9rica Latina, as urnas estar\u00e3o pr\u00f3ximas \u00e0 Biblioteca Victor Civita, com acesso pelos port\u00f5es 1 e 6.<\/p>\n<p>Para localizar as urnas, o eleitor deve orientar-se pela comunica\u00e7\u00e3o visual ou consultar os funcion\u00e1rios das esta\u00e7\u00f5es. Para mais informa\u00e7\u00f5es, entrar em contato com a Central de Atendimento ao Eleitor no telefone 148 ou (11) 2858-2100.<\/p>\n<p>Circula\u00e7\u00e3o de trens<\/p>\n<p>A oferta de trens, no Metr\u00f4 e na CPTM, ser\u00e1 a mesma de um domingo t\u00edpico. Trens reservas ficar\u00e3o prontos para entrar em opera\u00e7\u00e3o para atender eventual aumento da demanda.<\/p>\n<p>Do Metr\u00f4<\/p>\n","protected":false},"excerpt":{"rendered":"<p>Elei\u00e7\u00f5es 2010 &#8211; no 2\u00ba turno, os eleitores cadastrados no Tribunal Superior Eleitoral na categoria &#8220;Voto em Tr\u00e2nsito&#8221; que estiverem em S\u00e3o Paulo neste domingo, 31, poder\u00e3o votar nas esta\u00e7\u00f5es Para\u00edso, na Linha 1- Azul (Jabaquara-Tucuruvi) e Rep\u00fablica, na Linha 3-Vermelha (Corinthians-Itaquera\/Palmeiras-Barra Funda). Outro ponto de vota\u00e7\u00e3o ser\u00e1 no Memorial da Am\u00e9rica Latina, pr\u00f3ximo \u00e0 [&hellip;]<\/p>\n","protected":false},"author":3,"featured_media":0,"comment_status":"open","ping_status":"open","sticky":false,"template":"","format":"standard","meta":{"_genesis_hide_title":false,"_genesis_hide_breadcrumbs":false,"_genesis_hide_singular_image":false,"_genesis_hide_footer_widgets":false,"_genesis_custom_body_class":"","_genesis_custom_post_class":"","_genesis_layout":"","_jetpack_memberships_contains_paid_content":false,"footnotes":""},"categories":[22],"tags":[],"class_list":{"0":"post-32192","1":"post","2":"type-post","3":"status-publish","4":"format-standard","6":"category-brasil","7":"entry","8":"gs-1","9":"gs-odd","10":"gs-even","11":"gs-featured-content-entry"},"jetpack_featured_media_url":"","jetpack_sharing_enabled":true,"jetpack_likes_enabled":true,"_links":{"self":[{"href":"https:\/\/www.redenoticia.com.br\/noticia\/wp-json\/wp\/v2\/posts\/32192","targetHints":{"allow":["GET"]}}],"collection":[{"href":"https:\/\/www.redenoticia.com.br\/noticia\/wp-json\/wp\/v2\/posts"}],"about":[{"href":"https:\/\/www.redenoticia.com.br\/noticia\/wp-json\/wp\/v2\/types\/post"}],"author":[{"embeddable":true,"href":"https:\/\/www.redenoticia.com.br\/noticia\/wp-json\/wp\/v2\/users\/3"}],"replies":[{"embeddable":true,"href":"https:\/\/www.redenoticia.com.br\/noticia\/wp-json\/wp\/v2\/comments?post=32192"}],"version-history":[{"count":0,"href":"https:\/\/www.redenoticia.com.br\/noticia\/wp-json\/wp\/v2\/posts\/32192\/revisions"}],"wp:attachment":[{"href":"https:\/\/www.redenoticia.com.br\/noticia\/wp-json\/wp\/v2\/media?parent=32192"}],"wp:term":[{"taxonomy":"category","embeddable":true,"href":"https:\/\/www.redenoticia.com.br\/noticia\/wp-json\/wp\/v2\/categories?post=32192"},{"taxonomy":"post_tag","embeddable":true,"href":"https:\/\/www.redenoticia.com.br\/noticia\/wp-json\/wp\/v2\/tags?post=32192"}],"curies":[{"name":"wp","href":"https:\/\/api.w.org\/{rel}","templated":true}]}}