{"id":32191,"date":"2010-10-29T11:43:54","date_gmt":"2010-10-29T15:43:54","guid":{"rendered":"http:\/\/www.redenoticia.com.br\/noticia\/?p=32191"},"modified":"2010-10-29T11:43:54","modified_gmt":"2010-10-29T15:43:54","slug":"reta-final-da-copa-do-mundo-de-piscina-curta","status":"publish","type":"post","link":"https:\/\/www.redenoticia.com.br\/noticia\/2010\/reta-final-da-copa-do-mundo-de-piscina-curta\/32191","title":{"rendered":"Reta final da Copa do Mundo de Piscina Curta"},"content":{"rendered":"<p><strong><em>Thiago Pereira<\/em><\/strong> disputar\u00e1 a quinta etapa da <strong><em>Copa do Mundo de Piscina Curta<\/em><\/strong>, em  Berlim, Alemanha, neste fim de semana. O brasileiro lidera o ranking com 86  pontos, contra 43 do sul-africano Darian Townsend, na busca pelo t\u00edtulo de &#8220;Rei  da Copa&#8221; e sente-se preparado para o desafio em que est\u00e1 inscrito nas provas de  100m, 200m e 400m medley.<\/p>\n<p>&#8220;A etapa Berlim costuma ter um n\u00edvel mais forte que as demais, mas estou bem  preparado e espero manter a sequ\u00eancia de bons resultados&#8221;, afirmou o atleta  patrocinado pelos Correios, que at\u00e9 o momento soma 13 medalhas de ouro e uma de  prata nas quatro primeiras etapas da Copa do Mundo.<\/p>\n<p>O nadador do Corinthians tem quatro ouros nos 400m medley, tr\u00eas nos 100m e  nos 200m, dois nos 200m borboleta e um nos 200m livre, al\u00e9m de uma prata nos 200  medley. Ap\u00f3s a disputa alem\u00e3, os atletas ir\u00e3o para a R\u00fassia (2 e 3 de novembro)  e Su\u00e9cia (6 e 7 de novembro), na etapa decisiva.<\/p>\n<p>Thiago, que treina com o t\u00e9cnico David Salo no Trojan Swim Club, em Los  Angeles (EUA), foi eleito o nadador de melhor performance nas tr\u00eas primeiras  etapas, realizadas no Rio de Janeiro, China e Cingapura e somou 25 pontos em  cada uma. Na etapa seguinte, no Jap\u00e3o, ele foi o quarto melhor e marcou mais 13  pontos, totalizando 86 no ranking geral. A \u00faltima disputa, na Su\u00e9cia, valer\u00e1  pontua\u00e7\u00e3o dobrada na classifica\u00e7\u00e3o.<\/p>\n","protected":false},"excerpt":{"rendered":"<p>Thiago Pereira disputar\u00e1 a quinta etapa da Copa do Mundo de Piscina Curta, em Berlim, Alemanha, neste fim de semana. O brasileiro lidera o ranking com 86 pontos, contra 43 do sul-africano Darian Townsend, na busca pelo t\u00edtulo de &#8220;Rei da Copa&#8221; e sente-se preparado para o desafio em que est\u00e1 inscrito nas provas de [&hellip;]<\/p>\n","protected":false},"author":3,"featured_media":0,"comment_status":"open","ping_status":"open","sticky":false,"template":"","format":"standard","meta":{"_genesis_hide_title":false,"_genesis_hide_breadcrumbs":false,"_genesis_hide_singular_image":false,"_genesis_hide_footer_widgets":false,"_genesis_custom_body_class":"","_genesis_custom_post_class":"","_genesis_layout":"","_jetpack_memberships_contains_paid_content":false,"footnotes":""},"categories":[22],"tags":[],"class_list":{"0":"post-32191","1":"post","2":"type-post","3":"status-publish","4":"format-standard","6":"category-brasil","7":"entry","8":"gs-1","9":"gs-odd","10":"gs-even","11":"gs-featured-content-entry"},"jetpack_featured_media_url":"","jetpack_sharing_enabled":true,"jetpack_likes_enabled":true,"_links":{"self":[{"href":"https:\/\/www.redenoticia.com.br\/noticia\/wp-json\/wp\/v2\/posts\/32191","targetHints":{"allow":["GET"]}}],"collection":[{"href":"https:\/\/www.redenoticia.com.br\/noticia\/wp-json\/wp\/v2\/posts"}],"about":[{"href":"https:\/\/www.redenoticia.com.br\/noticia\/wp-json\/wp\/v2\/types\/post"}],"author":[{"embeddable":true,"href":"https:\/\/www.redenoticia.com.br\/noticia\/wp-json\/wp\/v2\/users\/3"}],"replies":[{"embeddable":true,"href":"https:\/\/www.redenoticia.com.br\/noticia\/wp-json\/wp\/v2\/comments?post=32191"}],"version-history":[{"count":0,"href":"https:\/\/www.redenoticia.com.br\/noticia\/wp-json\/wp\/v2\/posts\/32191\/revisions"}],"wp:attachment":[{"href":"https:\/\/www.redenoticia.com.br\/noticia\/wp-json\/wp\/v2\/media?parent=32191"}],"wp:term":[{"taxonomy":"category","embeddable":true,"href":"https:\/\/www.redenoticia.com.br\/noticia\/wp-json\/wp\/v2\/categories?post=32191"},{"taxonomy":"post_tag","embeddable":true,"href":"https:\/\/www.redenoticia.com.br\/noticia\/wp-json\/wp\/v2\/tags?post=32191"}],"curies":[{"name":"wp","href":"https:\/\/api.w.org\/{rel}","templated":true}]}}