{"id":32182,"date":"2010-10-29T11:14:14","date_gmt":"2010-10-29T15:14:14","guid":{"rendered":"http:\/\/www.redenoticia.com.br\/noticia\/?p=32182"},"modified":"2010-10-29T11:14:14","modified_gmt":"2010-10-29T15:14:14","slug":"enem-2010-ufscar-assina-termo-de-participacao-no-sisu","status":"publish","type":"post","link":"https:\/\/www.redenoticia.com.br\/noticia\/2010\/enem-2010-ufscar-assina-termo-de-participacao-no-sisu\/32182","title":{"rendered":"Enem 2010 &#8211; UFSCar assina termo de participa\u00e7\u00e3o no SISU"},"content":{"rendered":"<p><strong><em>Enem 2010<\/em><\/strong> &#8211; a Universidade Federal de S\u00e3o Carlos (UFSCar) assinou o termo de participa\u00e7\u00e3o  referente ao Processo Seletivo do Sistema de Sele\u00e7\u00e3o Unificada (<strong><em>SiSU<\/em><\/strong>) para o  ingresso de estudantes, no 1\u00ba semestre de 2011, nos cursos de gradua\u00e7\u00e3o  presenciais. O documento disp\u00f5e sobre os pesos e as respectivas notas m\u00ednimas  para cada uma das provas do Enem, em cada op\u00e7\u00e3o de curso, al\u00e9m de explicitar as  pol\u00edticas de A\u00e7\u00f5es Afirmativas adotadas pela UFSCar referentes \u00e0 reserva de  vagas.<\/p>\n<p>Constam tamb\u00e9m informa\u00e7\u00f5es sobre a documenta\u00e7\u00e3o exigida para matr\u00edcula  para os estudantes que se inscreverem por ampla concorr\u00eancia e para aqueles que  fizerem op\u00e7\u00e3o de ingresso por reserva de vagas.<\/p>\n<p>O termo de participa\u00e7\u00e3o pode ser  acessado por todos os interessados no Portal da UFSCar, em <a href=\"http:\/\/www.ufscar.br\" target=\"_blank\">www.ufscar.br<\/a>.  Calend\u00e1rio de Inscri\u00e7\u00f5es pelo SiSU O Minist\u00e9rio da Educa\u00e7\u00e3o (MEC) divulgar\u00e1 em  breve o cronograma referente ao Sistema de Sele\u00e7\u00e3o Unificada, bem como o  endere\u00e7o eletr\u00f4nico por meio do qual os estudantes efetuar\u00e3o suas inscri\u00e7\u00f5es.  Essas informa\u00e7\u00f5es tamb\u00e9m estar\u00e3o dispon\u00edveis no Portal do Vestibular da UFSCar,  em www.vestibular.ufscar.br. Enem 2010 &#8211; as provas do Exame Nacional do Ensino  M\u00e9dio (Enem) 2010 ser\u00e3o realizadas nos dias 6 e 7 de novembro em todo o Pa\u00eds. Os  cart\u00f5es de convoca\u00e7\u00e3o para as provas j\u00e1 foram enviados para os endere\u00e7os dos  estudantes inscritos. Informa\u00e7\u00f5es sobre o Enem podem ser obtidas no site  <a href=\"http:\/\/www.enem.inep.gov.br\" target=\"_blank\">www.enem.inep.gov.br<\/a><\/p>\n","protected":false},"excerpt":{"rendered":"<p>Enem 2010 &#8211; a Universidade Federal de S\u00e3o Carlos (UFSCar) assinou o termo de participa\u00e7\u00e3o referente ao Processo Seletivo do Sistema de Sele\u00e7\u00e3o Unificada (SiSU) para o ingresso de estudantes, no 1\u00ba semestre de 2011, nos cursos de gradua\u00e7\u00e3o presenciais. O documento disp\u00f5e sobre os pesos e as respectivas notas m\u00ednimas para cada uma das [&hellip;]<\/p>\n","protected":false},"author":3,"featured_media":0,"comment_status":"open","ping_status":"open","sticky":false,"template":"","format":"standard","meta":{"_genesis_hide_title":false,"_genesis_hide_breadcrumbs":false,"_genesis_hide_singular_image":false,"_genesis_hide_footer_widgets":false,"_genesis_custom_body_class":"","_genesis_custom_post_class":"","_genesis_layout":"","_jetpack_memberships_contains_paid_content":false,"footnotes":""},"categories":[22],"tags":[],"class_list":{"0":"post-32182","1":"post","2":"type-post","3":"status-publish","4":"format-standard","6":"category-brasil","7":"entry","8":"gs-1","9":"gs-odd","10":"gs-even","11":"gs-featured-content-entry"},"jetpack_featured_media_url":"","jetpack_sharing_enabled":true,"jetpack_likes_enabled":true,"_links":{"self":[{"href":"https:\/\/www.redenoticia.com.br\/noticia\/wp-json\/wp\/v2\/posts\/32182","targetHints":{"allow":["GET"]}}],"collection":[{"href":"https:\/\/www.redenoticia.com.br\/noticia\/wp-json\/wp\/v2\/posts"}],"about":[{"href":"https:\/\/www.redenoticia.com.br\/noticia\/wp-json\/wp\/v2\/types\/post"}],"author":[{"embeddable":true,"href":"https:\/\/www.redenoticia.com.br\/noticia\/wp-json\/wp\/v2\/users\/3"}],"replies":[{"embeddable":true,"href":"https:\/\/www.redenoticia.com.br\/noticia\/wp-json\/wp\/v2\/comments?post=32182"}],"version-history":[{"count":0,"href":"https:\/\/www.redenoticia.com.br\/noticia\/wp-json\/wp\/v2\/posts\/32182\/revisions"}],"wp:attachment":[{"href":"https:\/\/www.redenoticia.com.br\/noticia\/wp-json\/wp\/v2\/media?parent=32182"}],"wp:term":[{"taxonomy":"category","embeddable":true,"href":"https:\/\/www.redenoticia.com.br\/noticia\/wp-json\/wp\/v2\/categories?post=32182"},{"taxonomy":"post_tag","embeddable":true,"href":"https:\/\/www.redenoticia.com.br\/noticia\/wp-json\/wp\/v2\/tags?post=32182"}],"curies":[{"name":"wp","href":"https:\/\/api.w.org\/{rel}","templated":true}]}}