{"id":32169,"date":"2010-10-28T10:34:36","date_gmt":"2010-10-28T14:34:36","guid":{"rendered":"http:\/\/www.redenoticia.com.br\/noticia\/?p=32169"},"modified":"2010-10-28T10:34:36","modified_gmt":"2010-10-28T14:34:36","slug":"pesquisa-revela-o-comportamento-do-jovem-na-internet","status":"publish","type":"post","link":"https:\/\/www.redenoticia.com.br\/noticia\/2010\/pesquisa-revela-o-comportamento-do-jovem-na-internet\/32169","title":{"rendered":"Pesquisa revela o comportamento do jovem na Internet"},"content":{"rendered":"<p>Como os<strong><em> jovens brasileiros se comportam na Internet<\/em><\/strong>? Este foi o tema da sexta  edi\u00e7\u00e3o do projeto \u201cEste jovem brasileiro\u201d, desenvolvido pelo Portal Educacional  (<a href=\"http:\/\/www.educacional.com.br\/\" target=\"_blank\">www.educacional.com.br<\/a>) para  entender o comportamento dos jovens e refletir, junto com eles, sobre assuntos  cruciais para sua vida. Neste ano, mais de 10,5 mil alunos de 13 a 17 anos, de  75 escolas da rede particular de ensino de todo o pa\u00eds, participaram da  pesquisa. Eles responderam anonimamente a um question\u00e1rio online sobre seus  h\u00e1bitos de uso da Internet, rela\u00e7\u00f5es virtuais, exposi\u00e7\u00e3o, viol\u00eancia e situa\u00e7\u00f5es  hipot\u00e9ticas que podem ocorrer com quem usa a rede.<\/p>\n<p>\u201cOs dados sobre o uso da Internet pelo jovem revelam uma s\u00e9rie de  comportamentos que merecem ser melhor entendidos e discutidos. Como um espa\u00e7o  novo de relacionamento, ela exige uma s\u00e9rie de cuidados e limites que n\u00e3o est\u00e3o  muito claros, nem para os pr\u00f3prios jovens, nem para os pais e professores\u201d,  comenta Jairo Bouer, m\u00e9dico psiquiatra e coordenador da pesquisa. Segundo ele,  n\u00e3o \u00e9 o caso de impor limites e regras e controlar a vida dos jovens na  Internet, mas sim mostrar os riscos que existem. \u201c\u00c9 importante que eles pr\u00f3prios  aprendam a criar seus filtros e a lidar com essas situa\u00e7\u00f5es de uma forma mais  segura e respons\u00e1vel\u201d, diz Bouer.<\/p>\n<p>Entre os participantes da pesquisa, 99% t\u00eam computador em casa, metade no  pr\u00f3prio quarto, e 55% usam computador todos os dias, sendo que 40% usam Internet  de 2 a 4 horas por dia durante a semana, mas 15% ficam conectados por mais de 8  horas. Nos finais de semana, o n\u00famero de horas de conex\u00e3o \u00e9 maior, e as redes  sociais (MSN, Facebook, Orkut) s\u00e3o a categoria mais acessada, o que sinaliza que  muitos est\u00e3o trocando horas de lazer e conviv\u00eancia com os amigos para ficar na  frente do computador. Mais de 20% dos participantes avaliam que seu uso de  Internet est\u00e1 acima do normal ou se consideram dependentes e 17% enfrentam  conflitos com os pais por conta do excesso de uso.<\/p>\n<p>A sexta edi\u00e7\u00e3o do projeto \u201cEste jovem brasileiro\u201d confirma dados j\u00e1  observados em edi\u00e7\u00f5es anteriores no que diz respeito \u00e0 forma como os jovens  est\u00e3o se relacionando: 60% dos participantes da pesquisa j\u00e1 usaram a Web como  forma de conhecer pessoas, sendo que desses, 27% usaram as redes sociais para  tanto; 38% j\u00e1 fizeram amigos na Internet que trouxeram para a vida real e 25% j\u00e1  \u201cficaram\u201d com pessoas conhecidas por meio da rede. Ao se aproximar de um  desconhecido, 97% dizem n\u00e3o confiar logo de cara em quem conhecem pela rede &#8211;  44% admitem a possibilidade de marcar encontros reais, 32% seriam muito  cuidadosos, 10% teriam algum tipo de cuidado, mas 2% n\u00e3o teriam maiores  preocupa\u00e7\u00f5es.<\/p>\n<p>Outra quest\u00e3o importante \u00e9 como o jovem se exp\u00f5e na Internet e se ele tem  no\u00e7\u00e3o do impacto que essa exposi\u00e7\u00e3o pode ter em sua vida futura. As respostas  revelam que 36% costumam postar coment\u00e1rios na Internet, e 71% costumam postar  fotos; 7% j\u00e1 colocaram fotos ou filmes mais ousados na rede. 35% n\u00e3o usam  filtros para impedir que qualquer um acesse as suas informa\u00e7\u00f5es e quase 7%  costumam abrir a webcam para pessoas que n\u00e3o conhecem. Do outro lado, muitos j\u00e1  enfrentaram problemas por causa dos conte\u00fados publicados na Internet: 17% no  namoro, 11% na escola e 19% com os amigos. Al\u00e9m disso, 10% j\u00e1 enfrentaram  problemas por causa de imagens ou posts publicados por outras pessoas na  rede.<\/p>\n<p>A viol\u00eancia tamb\u00e9m foi abordada na pesquisa, e entre os entrevistados, 69%  concordam que o anonimato da Internet estimula as pessoas a ofenderem umas \u00e0s  outras, e 29% j\u00e1 fizeram algum coment\u00e1rio ou tiveram alguma atitude ofensiva com  amigos ou desconhecidos na Internet. Nas respostas, 31% disseram que j\u00e1 foram  v\u00edtimas de alguma forma de viol\u00eancia, 11% de preconceito e 15% j\u00e1 se sentiram  mal em fun\u00e7\u00e3o de alguma agress\u00e3o sofrida. Mais de 3% evitaram sair de casa,  falar com algu\u00e9m ou ir \u00e0 escola por algum problema surgido na Internet.<\/p>\n<p>A pesquisa tamb\u00e9m prop\u00f4s uma s\u00e9rie de situa\u00e7\u00f5es que podem vir a acontecer com  quem utiliza a Internet, pedindo que os participantes contassem se j\u00e1 tinham  vivenciado ou conheciam amigos que tinham passado por essas situa\u00e7\u00f5es, e que  avaliassem a chance dessas situa\u00e7\u00f5es acontecerem. Entre as situa\u00e7\u00f5es hipot\u00e9ticas  estavam, por exemplo, sofrer amea\u00e7as ou press\u00f5es depois de abrir a webcam para  desconhecidos, ter problemas no namoro em fun\u00e7\u00e3o de coment\u00e1rios publicados, ser  v\u00edtima de preconceitos ou coment\u00e1rios maldosos ou sofrer restri\u00e7\u00f5es do uso da  Internet pelos pais depois de algum tipo de exposi\u00e7\u00e3o. Apesar da maioria ter  dito que essas situa\u00e7\u00f5es nunca aconteceram com eles ou com amigos pr\u00f3ximos, os  resultados mostram que os jovens est\u00e3o por dentro dos riscos e sabem que essas  situa\u00e7\u00f5es vem acontecendo cada vez mais.<\/p>\n<p>O projeto tamb\u00e9m procurou checar se alguns tipos de comportamento na Internet  poderiam estar potencializados em alguns grupos de jovens. A conclus\u00e3o \u00e9 que  quem falta muito e vai mal na escola, tem problemas emocionais frequentes,  rela\u00e7\u00e3o p\u00e9ssima em casa ou pai e m\u00e3e que j\u00e1 faleceram, fuma, usa drogas ou bebe  com freq\u00fc\u00eancia, tem maiores riscos de exagerar no uso da Internet, passando  noites em claros e criando depend\u00eancia, de desenvolver comportamentos que  coloquem em risco sua seguran\u00e7a, criem problemas de relacionamento com os amigos  ou causem exposi\u00e7\u00e3o indesejada, e ainda de fazer coment\u00e1rios ou agir de modo  ofensivo. \u201cPara os jovens que fazem parte de algum dos grupos citados, \u00e9 uma boa  ideia prestar mais aten\u00e7\u00e3o no pr\u00f3prio comportamento na Internet e procurar  alguma forma de ajuda caso sinta necessidade. E o mesmo vale caso se perceba  esse tipo de risco e de comportamento com um amigo\u201d, aconselha Bouer.<\/p>\n<p>O projeto Este jovem brasileiro \u00e9 realizado anualmente pelo Portal  Educacional, abordando temas que preocupam pais, educadores e a sociedade. Neste  ano, o question\u00e1rio sobre como o jovem se comporta na Internet foi respondido no  per\u00edodo de 01 de junho a 31 de agosto. Os resultados, comentados pelo Dr. Jairo  Bouer, ser\u00e3o apresentados no Portal Educacional para os alunos e colocados em  discuss\u00e3o, levando os estudantes a refletir sobre o tema. Nas edi\u00e7\u00f5es anteriores  do projeto, os estudantes responderam question\u00e1rios e discutiram sobre  Comportamento e risco, Valores e atitudes, Rela\u00e7\u00f5es familiares, Sexualidade e  \u00c1lcool.<\/p>\n","protected":false},"excerpt":{"rendered":"<p>Como os jovens brasileiros se comportam na Internet? Este foi o tema da sexta edi\u00e7\u00e3o do projeto \u201cEste jovem brasileiro\u201d, desenvolvido pelo Portal Educacional (www.educacional.com.br) para entender o comportamento dos jovens e refletir, junto com eles, sobre assuntos cruciais para sua vida. Neste ano, mais de 10,5 mil alunos de 13 a 17 anos, de [&hellip;]<\/p>\n","protected":false},"author":3,"featured_media":0,"comment_status":"open","ping_status":"open","sticky":false,"template":"","format":"standard","meta":{"_genesis_hide_title":false,"_genesis_hide_breadcrumbs":false,"_genesis_hide_singular_image":false,"_genesis_hide_footer_widgets":false,"_genesis_custom_body_class":"","_genesis_custom_post_class":"","_genesis_layout":"","_jetpack_memberships_contains_paid_content":false,"footnotes":""},"categories":[22],"tags":[],"class_list":{"0":"post-32169","1":"post","2":"type-post","3":"status-publish","4":"format-standard","6":"category-brasil","7":"entry","8":"gs-1","9":"gs-odd","10":"gs-even","11":"gs-featured-content-entry"},"jetpack_featured_media_url":"","jetpack_sharing_enabled":true,"jetpack_likes_enabled":true,"_links":{"self":[{"href":"https:\/\/www.redenoticia.com.br\/noticia\/wp-json\/wp\/v2\/posts\/32169","targetHints":{"allow":["GET"]}}],"collection":[{"href":"https:\/\/www.redenoticia.com.br\/noticia\/wp-json\/wp\/v2\/posts"}],"about":[{"href":"https:\/\/www.redenoticia.com.br\/noticia\/wp-json\/wp\/v2\/types\/post"}],"author":[{"embeddable":true,"href":"https:\/\/www.redenoticia.com.br\/noticia\/wp-json\/wp\/v2\/users\/3"}],"replies":[{"embeddable":true,"href":"https:\/\/www.redenoticia.com.br\/noticia\/wp-json\/wp\/v2\/comments?post=32169"}],"version-history":[{"count":0,"href":"https:\/\/www.redenoticia.com.br\/noticia\/wp-json\/wp\/v2\/posts\/32169\/revisions"}],"wp:attachment":[{"href":"https:\/\/www.redenoticia.com.br\/noticia\/wp-json\/wp\/v2\/media?parent=32169"}],"wp:term":[{"taxonomy":"category","embeddable":true,"href":"https:\/\/www.redenoticia.com.br\/noticia\/wp-json\/wp\/v2\/categories?post=32169"},{"taxonomy":"post_tag","embeddable":true,"href":"https:\/\/www.redenoticia.com.br\/noticia\/wp-json\/wp\/v2\/tags?post=32169"}],"curies":[{"name":"wp","href":"https:\/\/api.w.org\/{rel}","templated":true}]}}