{"id":32151,"date":"2010-10-27T10:59:11","date_gmt":"2010-10-27T14:59:11","guid":{"rendered":"http:\/\/www.redenoticia.com.br\/noticia\/?p=32151"},"modified":"2010-10-27T10:59:11","modified_gmt":"2010-10-27T14:59:11","slug":"adotanimal-de-santo-andre-deu-lar-a-73-animais-no-ultimo-domingo","status":"publish","type":"post","link":"https:\/\/www.redenoticia.com.br\/noticia\/2010\/adotanimal-de-santo-andre-deu-lar-a-73-animais-no-ultimo-domingo\/32151","title":{"rendered":"Adotanimal de Santo Andr\u00e9 deu lar a 73 animais no \u00faltimo domingo"},"content":{"rendered":"<p>A Prefeitura de Santo Andr\u00e9, por meio do Departamento de Vigil\u00e2ncia \u00e0 Sa\u00fade  (DVS) e da Ger\u00eancia de Controle de Zoonoses (GCZ), realizou no \u00faltimo domingo  (26), no Parque Central, mais uma edi\u00e7\u00e3o de sua feira gratuita de <strong><em>ado\u00e7\u00e3o de  animais<\/em><\/strong>, a Adotanimal. No total, 73 animais de estima\u00e7\u00e3o \u2013 dos quais 16 c\u00e3es  adultos, 32 filhotes e 25 gatos \u2013 ganharam um lar.<\/p>\n<p>Os animais adotados sa\u00edram da feira com Registro Geral de Animal (RGA)  cadastrado em nome do dono. Os c\u00e3es e gatos j\u00e1 estavam castrados, vacinados,  vermifugados, de banho tomado e com antipulgas. A equipe que trabalhou na feira  foi formada por 12 profissionais entre agentes do DVS, volunt\u00e1rios e de  organiza\u00e7\u00e3o parceira especializada em posse respons\u00e1vel.<\/p>\n<p>Recorde de ado\u00e7\u00f5es<\/p>\n<p>Desde o in\u00edcio do ano, o Centro de Controle de Zoonoses j\u00e1 proporcionou novo  lar a 526 animais entre c\u00e3es e gatos, batendo o recorde de todo ano passado:  411. Os futuros donos devem ter mais de 18 anos, apresentar RG, CPF e  comprovante de endere\u00e7o, al\u00e9m de passar por entrevista com uma das veterin\u00e1rias  do CCZ para receber informa\u00e7\u00f5es sobre cuidados a partir da aquisi\u00e7\u00e3o, como  alimenta\u00e7\u00e3o, vacinas e dicas de educa\u00e7\u00e3o e posse respons\u00e1vel.<\/p>\n","protected":false},"excerpt":{"rendered":"<p>A Prefeitura de Santo Andr\u00e9, por meio do Departamento de Vigil\u00e2ncia \u00e0 Sa\u00fade (DVS) e da Ger\u00eancia de Controle de Zoonoses (GCZ), realizou no \u00faltimo domingo (26), no Parque Central, mais uma edi\u00e7\u00e3o de sua feira gratuita de ado\u00e7\u00e3o de animais, a Adotanimal. No total, 73 animais de estima\u00e7\u00e3o \u2013 dos quais 16 c\u00e3es adultos, [&hellip;]<\/p>\n","protected":false},"author":3,"featured_media":0,"comment_status":"open","ping_status":"open","sticky":false,"template":"","format":"standard","meta":{"_genesis_hide_title":false,"_genesis_hide_breadcrumbs":false,"_genesis_hide_singular_image":false,"_genesis_hide_footer_widgets":false,"_genesis_custom_body_class":"","_genesis_custom_post_class":"","_genesis_layout":"","_jetpack_memberships_contains_paid_content":false,"footnotes":""},"categories":[22],"tags":[],"class_list":{"0":"post-32151","1":"post","2":"type-post","3":"status-publish","4":"format-standard","6":"category-brasil","7":"entry","8":"gs-1","9":"gs-odd","10":"gs-even","11":"gs-featured-content-entry"},"jetpack_featured_media_url":"","jetpack_sharing_enabled":true,"jetpack_likes_enabled":true,"_links":{"self":[{"href":"https:\/\/www.redenoticia.com.br\/noticia\/wp-json\/wp\/v2\/posts\/32151","targetHints":{"allow":["GET"]}}],"collection":[{"href":"https:\/\/www.redenoticia.com.br\/noticia\/wp-json\/wp\/v2\/posts"}],"about":[{"href":"https:\/\/www.redenoticia.com.br\/noticia\/wp-json\/wp\/v2\/types\/post"}],"author":[{"embeddable":true,"href":"https:\/\/www.redenoticia.com.br\/noticia\/wp-json\/wp\/v2\/users\/3"}],"replies":[{"embeddable":true,"href":"https:\/\/www.redenoticia.com.br\/noticia\/wp-json\/wp\/v2\/comments?post=32151"}],"version-history":[{"count":0,"href":"https:\/\/www.redenoticia.com.br\/noticia\/wp-json\/wp\/v2\/posts\/32151\/revisions"}],"wp:attachment":[{"href":"https:\/\/www.redenoticia.com.br\/noticia\/wp-json\/wp\/v2\/media?parent=32151"}],"wp:term":[{"taxonomy":"category","embeddable":true,"href":"https:\/\/www.redenoticia.com.br\/noticia\/wp-json\/wp\/v2\/categories?post=32151"},{"taxonomy":"post_tag","embeddable":true,"href":"https:\/\/www.redenoticia.com.br\/noticia\/wp-json\/wp\/v2\/tags?post=32151"}],"curies":[{"name":"wp","href":"https:\/\/api.w.org\/{rel}","templated":true}]}}