{"id":32149,"date":"2010-10-27T10:51:04","date_gmt":"2010-10-27T14:51:04","guid":{"rendered":"http:\/\/www.redenoticia.com.br\/noticia\/?p=32149"},"modified":"2010-10-28T11:06:38","modified_gmt":"2010-10-28T15:06:38","slug":"abiauto-elege-melhor-estande-do-salao-do-automovel","status":"publish","type":"post","link":"https:\/\/www.redenoticia.com.br\/noticia\/2010\/abiauto-elege-melhor-estande-do-salao-do-automovel\/32149","title":{"rendered":"Abiauto elege melhor estande do Sal\u00e3o do Autom\u00f3vel"},"content":{"rendered":"<p><img loading=\"lazy\" decoding=\"async\" class=\"alignleft size-full wp-image-32150\" title=\"salao do automovel 2010\" src=\"https:\/\/www.redenoticia.com.br\/noticia\/imagens\/salao-do-automovel-2010.jpg\" alt=\"\" width=\"301\" height=\"194\" srcset=\"https:\/\/www.redenoticia.com.br\/noticia\/imagens\/salao-do-automovel-2010.jpg 301w, https:\/\/www.redenoticia.com.br\/noticia\/imagens\/salao-do-automovel-2010-250x161.jpg 250w, https:\/\/www.redenoticia.com.br\/noticia\/imagens\/salao-do-automovel-2010-150x96.jpg 150w\" sizes=\"auto, (max-width: 301px) 100vw, 301px\" \/>O estande da Chevrolet foi escolhido o melhor do 26\u00ba <strong><em>Sal\u00e3o Internacional do  Autom\u00f3vel<\/em><\/strong>, por um j\u00fari composto pelos jornalistas associados da Abiauto  (Associa\u00e7\u00e3o Brasileira da Imprensa Automotiva). A feira ser\u00e1 aberta para o  p\u00fabico de 27 de outubro at\u00e9 7 de novembro de 2010.<\/p>\n<p>Para os eleitores o estande da Chevrolet se destaca pelo design, pelo  atendimento, pela distribui\u00e7\u00e3o dos produtos no espa\u00e7o, al\u00e9m dos shows que ser\u00e3o  apresentados ao p\u00fablico durante o evento. \u201cH\u00e1 uma frase, escrita por um eleitor  em seu voto, que resume muito bem o que \u00e9 o estande da Chevrolet : moderno,  sofisticado e representa toda a grandiosidade do Sal\u00e3o Internacional do  Autom\u00f3vel 2010\u201d, ressalta C\u00e9lia Murgel, presidente da Abiauto.<\/p>\n<p>\u201cFicamos muito felizes com mais esta premia\u00e7\u00e3o para a Chevrolet. Nosso  estande foi feito para que o visitante sinta acolhimento e emo\u00e7\u00e3o, e que se  trata de uma marca que cuida de seus clientes\u201d, observa Ronaldo Znidarsis,  diretor geral de Vendas e Marketing da General Motors do Brasil,<\/p>\n<p>S\u00e3o v\u00e1rias as atra\u00e7\u00f5es do estande da Chevrolet, como o muscle car Camaro, o  sed\u00e3 Malibu 2011, a nova picape Montana e o Omega Fittipaldi Edition, o conceito  Aveo RS, o Agile Crossport, o Celta White, o Vectra da Stock Car, e o Celta do  Chevrolet Rally Team.<\/p>\n<p>Outra atra\u00e7\u00e3o \u00e9 o Camaro \u201cvoador\u201d radio-controlado, em escala real. H\u00e1 ainda  um espa\u00e7o interativo, onde fica um simulador, onde \u00e9 poss\u00edvel \u201cpilotar\u201d um  Camaro, gra\u00e7as a uma proje\u00e7\u00e3o no parabrisas.<\/p>\n<p>O estande tamb\u00e9m possui um espa\u00e7o para crian\u00e7as e uma grande, ou melhor,  gigantesca atra\u00e7\u00e3o: o Autobot Bumblebee, da trilogia Transformers. Al\u00e9m de todas  estas atra\u00e7\u00f5es, outros 20 modelos da Chevrolet dividem o estande de 2.750 m2 de  \u00e1rea.<\/p>\n<p>A interatividade entre o p\u00fablico, os ve\u00edculos e a tecnologia de ponta \u00e9 a  t\u00f4nica do estande da Chevrolet, onde tudo gira em torno de conceitos de  humaniza\u00e7\u00e3o que se misturam \u00e0 tecnologia dos displays informativos, telas  touch-screen e t\u00f3tens, sem contar o design futurista das \u00e1reas de conviv\u00eancia e  de intera\u00e7\u00e3o com clientes.<\/p>\n<p>Esta sinergia homem e m\u00e1quina presente no estande no Sal\u00e3o Internacional do  Autom\u00f3vel de S\u00e3o Paulo segue o tema da nova comunica\u00e7\u00e3o \u201cChevrolet &amp; Voc\u00ea\u201d,  que refor\u00e7a os conceitos de uni\u00e3o, parceria e comprometimento entre a Chevrolet  e seus consumidores.<\/p>\n<p><a href=\"http:\/\/www.maxpressnet.com.br\/e\/gm\/gm_26-10-10e.html\" target=\"_blank\">Clique aqui e  leia o release na \u00edntegra<\/a><\/p>\n<p>A General Motors, um dos maiores fabricantes de ve\u00edculos do mundo, tem origem  em 1908. Com sede global em Detroit, a GM emprega 208.000 pessoas nas principais  regi\u00f5es do mundo e tem opera\u00e7\u00f5es em 140 pa\u00edses. A GM, com seus parceiros  estrat\u00e9gicos, produz ve\u00edculos em 34 pa\u00edses, vendendo e proporcionando servi\u00e7os  para estes ve\u00edculos atrav\u00e9s das seguintes marcas: Buick, Cadillac, Chevrolet,  FAW, GMC, Daewoo, Holden, Jiefang, Opel, Vauxhall e Wuling. O maior mercado  nacional da GM \u00e9 o da China, seguido pelos Estados Unidos, Brasil, Alemanha,  Reino Unido, Canad\u00e1 e It\u00e1lia. A subsidi\u00e1ria OnStar da GM \u00e9 l\u00edder em servi\u00e7os de  seguran\u00e7a veicular e informa\u00e7\u00e3o. A General Motors adquiriu opera\u00e7\u00f5es da General  Motors Corporation em 10 de julho de 2009, e refer\u00eancias a per\u00edodos anteriores  nesse comunicado e outros materiais de imprensa referem-se a opera\u00e7\u00f5es da antiga  General Motors Corporation. Para maiores informa\u00e7\u00f5es sobre a nova General  Motors, acesse www.gm.com.<\/p>\n<p>No Brasil a GM fabrica e comercializa ve\u00edculos com a marca Chevrolet h\u00e1 85  anos. Em 2009 a Chevrolet registrou recorde hist\u00f3rico de vendas no pa\u00eds com o  volume de 595.536 ve\u00edculos. A companhia tem tr\u00eas Complexos Industriais que  produzem ve\u00edculos em S\u00e3o Caetano do Sul, S\u00e3o Jos\u00e9 dos Campos (SP) e Gravata\u00ed  (RS). Conta ainda com unidades em Mogi das Cruzes (produ\u00e7\u00e3o de componentes  estampados), Sorocaba (Centro Distribuidor de Pe\u00e7as) e Indaiatuba (Campo de  Provas), todas em SP, al\u00e9m de um moderno Centro Tecnol\u00f3gico de Engenharia e  Design, em S\u00e3o Caetano do Sul, com capacidade para desenvolvimento completo de  novos ve\u00edculos. A subsidi\u00e1ria brasileira \u00e9 um dos cinco centros mundiais na  cria\u00e7\u00e3o e desenvolvimento de ve\u00edculos, nos campos da engenharia, design e  manufatura. Mais informa\u00e7\u00f5es podem ser encontradas nos sites http:\/\/media.gm.com  e www.gmnoticias.com.br . Siga-nos no twitter: www.twitter.com\/GMBPress<\/p>\n<p>Jornalista Respons\u00e1vel: Lu\u00eds Ot\u00e1vio Pires<\/p>\n","protected":false},"excerpt":{"rendered":"<p>O estande da Chevrolet foi escolhido o melhor do 26\u00ba Sal\u00e3o Internacional do Autom\u00f3vel, por um j\u00fari composto pelos jornalistas associados da Abiauto (Associa\u00e7\u00e3o Brasileira da Imprensa Automotiva). A feira ser\u00e1 aberta para o p\u00fabico de 27 de outubro at\u00e9 7 de novembro de 2010. Para os eleitores o estande da Chevrolet se destaca pelo [&hellip;]<\/p>\n","protected":false},"author":3,"featured_media":32150,"comment_status":"open","ping_status":"open","sticky":false,"template":"","format":"standard","meta":{"_genesis_hide_title":false,"_genesis_hide_breadcrumbs":false,"_genesis_hide_singular_image":false,"_genesis_hide_footer_widgets":false,"_genesis_custom_body_class":"","_genesis_custom_post_class":"","_genesis_layout":"","_jetpack_memberships_contains_paid_content":false,"footnotes":""},"categories":[22],"tags":[],"class_list":{"0":"post-32149","1":"post","2":"type-post","3":"status-publish","4":"format-standard","5":"has-post-thumbnail","7":"category-brasil","8":"entry","9":"gs-1","10":"gs-odd","11":"gs-even","12":"gs-featured-content-entry"},"jetpack_featured_media_url":"https:\/\/www.redenoticia.com.br\/noticia\/imagens\/salao-do-automovel-2010.jpg","jetpack_sharing_enabled":true,"jetpack_likes_enabled":true,"_links":{"self":[{"href":"https:\/\/www.redenoticia.com.br\/noticia\/wp-json\/wp\/v2\/posts\/32149","targetHints":{"allow":["GET"]}}],"collection":[{"href":"https:\/\/www.redenoticia.com.br\/noticia\/wp-json\/wp\/v2\/posts"}],"about":[{"href":"https:\/\/www.redenoticia.com.br\/noticia\/wp-json\/wp\/v2\/types\/post"}],"author":[{"embeddable":true,"href":"https:\/\/www.redenoticia.com.br\/noticia\/wp-json\/wp\/v2\/users\/3"}],"replies":[{"embeddable":true,"href":"https:\/\/www.redenoticia.com.br\/noticia\/wp-json\/wp\/v2\/comments?post=32149"}],"version-history":[{"count":0,"href":"https:\/\/www.redenoticia.com.br\/noticia\/wp-json\/wp\/v2\/posts\/32149\/revisions"}],"wp:featuredmedia":[{"embeddable":true,"href":"https:\/\/www.redenoticia.com.br\/noticia\/wp-json\/wp\/v2\/media\/32150"}],"wp:attachment":[{"href":"https:\/\/www.redenoticia.com.br\/noticia\/wp-json\/wp\/v2\/media?parent=32149"}],"wp:term":[{"taxonomy":"category","embeddable":true,"href":"https:\/\/www.redenoticia.com.br\/noticia\/wp-json\/wp\/v2\/categories?post=32149"},{"taxonomy":"post_tag","embeddable":true,"href":"https:\/\/www.redenoticia.com.br\/noticia\/wp-json\/wp\/v2\/tags?post=32149"}],"curies":[{"name":"wp","href":"https:\/\/api.w.org\/{rel}","templated":true}]}}