{"id":32142,"date":"2010-10-26T16:09:07","date_gmt":"2010-10-26T20:09:07","guid":{"rendered":"http:\/\/www.redenoticia.com.br\/noticia\/?p=32142"},"modified":"2010-10-27T13:45:27","modified_gmt":"2010-10-27T17:45:27","slug":"meteorologia-%e2%80%93-previsao-do-tempo-para-esta-quarta-feira-2710","status":"publish","type":"post","link":"https:\/\/www.redenoticia.com.br\/noticia\/2010\/meteorologia-%e2%80%93-previsao-do-tempo-para-esta-quarta-feira-2710\/32142","title":{"rendered":"Meteorologia \u2013 previs\u00e3o do tempo para esta quarta-feira 27\/10"},"content":{"rendered":"<p><img loading=\"lazy\" decoding=\"async\" class=\"alignleft size-full wp-image-28409\" title=\"previsao do tempo e temperatura\" src=\"https:\/\/www.redenoticia.com.br\/noticia\/imagens\/previsao-do-tempo-e-temperatura.jpg\" alt=\"\" width=\"300\" height=\"193\" srcset=\"https:\/\/www.redenoticia.com.br\/noticia\/imagens\/previsao-do-tempo-e-temperatura.jpg 300w, https:\/\/www.redenoticia.com.br\/noticia\/imagens\/previsao-do-tempo-e-temperatura-250x160.jpg 250w, https:\/\/www.redenoticia.com.br\/noticia\/imagens\/previsao-do-tempo-e-temperatura-150x96.jpg 150w\" sizes=\"auto, (max-width: 300px) 100vw, 300px\" \/><\/p>\n<p>Previs\u00e3o do tempo \u2013 a <strong><em>meteorologia<\/em><\/strong> divulgou a <strong><em>previs\u00e3o do tempo<\/em><\/strong> e <strong><em>temperatura<\/em><\/strong> para esta quarta-feira (27\/10) e informa que a Zona de Converg\u00eancia de Umidade (ZCOU) deixar\u00e1 o dia com muita nebulosidade e pancadas de chuva sobre a faixa que se estende desde a Regi\u00e3o Norte, ao norte da Regi\u00e3o Sudeste, grande parte da BA e sul do MA e PI. Segundo a previs\u00e3o do tempo em alguns pontos dessas \u00e1reas poder\u00e1 chover forte. O tempo estar\u00e1 nublado e ocorrer\u00e3o chuvas isoladas em todo o litoral de SP, no RJ, ES e leste de MG. No centro do MT, de GO, inclusive no DF, centro de MG, norte do MA e do PI e no AP, a chance de chuva \u00e9 menor, por\u00e9m, poder\u00e3o ocorrer pancadas localizadas. Dados da previs\u00e3o do tempo indicam que entre o noroeste do MA, nordeste do PA e Ilha do Maraj\u00f3 as pancadas de chuva ocorrer\u00e3o a partir da tarde. A previs\u00e3o do tempo destaca que o sol predominar\u00e1 no oeste da Regi\u00e3o Sul e no oeste e sul do MS. Nas demais \u00e1reas do Brasil o sol aparece entre poucas nuvens.<\/p>\n<p>Vale do Para\u00edba \u2013 previs\u00e3o do tempo em 27\/10, haver\u00e1 varia\u00e7\u00e3o de nebulosidade no Vale e na Serra. No Litoral Norte o tempo ficar\u00e1 inst\u00e1vel com per\u00edodos de chuva fraca e isolada. Neste dia, a temperatura m\u00ednima ter\u00e1 pequeno decl\u00ednio.<\/p>\n<p>Regi\u00e3o Centro-Oeste \u2013 previs\u00e3o do tempo em 27\/10\/2010: No centro-sul de GO de MT e no MS: sol entre poucas nuvens. No norte de MT e de GO: muitas nuvens e pancadas de chuva. Nas demais \u00e1reas: sol com nebulosidade vari\u00e1vel e possibilidade de pancada de chuva. Temperaturas est\u00e1veis. Temperatura M\u00e1xima: 39C no norte de MT. Temperatura M\u00ednima: 18C no leste de GO.<\/p>\n<p>Regi\u00e3o Nordeste \u2013 previs\u00e3o do tempo em 27\/10\/2010: No norte da Regi\u00e3o: sol e poucas nuvens. No interior de PI, sul do MA, em PE e norte de AL: pequena chance de pancadas de chuva. Nas demais \u00e1reas: pancadas de chuva. Temperaturas est\u00e1veis. Temperatura m\u00e1xima: 40C no norte do PI. Temperatura m\u00ednima: 18C no sudoeste da BA.<\/p>\n<p>Regi\u00e3o Norte \u2013 previs\u00e3o do tempo em 27\/10\/2010: No sul de RO, no AP e no nordeste do PA: sol com varia\u00e7\u00e3o de nuvens e possibilidade de pancadas de chuva principalmente no per\u00edodo da tarde. No norte do TO e centro do PA: varia\u00e7\u00e3o de nebulosidade e pancadas de chuva. Nas demais \u00e1reas: muitas nuvens e pancadas de chuva que podem ser intensas em algumas localidades. Temperaturas est\u00e1veis. Temperatura m\u00e1xima: 38C no norte do PA. Temperatura m\u00ednima: 22C no sul do AC<\/p>\n<p>Regi\u00e3o Sudeste \u2013 previs\u00e3o do tempo em 27\/10\/2010: No norte de MG: muitas nuvens e pancadas de chuva. No leste de MG, no ES, no RJ e litoral paulista: muitas nuvens e chuvas isolada. No Tri\u00e2ngulo Mineiro e centro-oeste de SP: sol entre poucas nuvens. Nas demais \u00e1reas: sol com varia\u00e7\u00e3o de nebulosidade. Temperaturas amenas no leste de SP. Temperatura m\u00e1xima: 34C no Tri\u00e2ngulo Mineiro. Temperatura m\u00ednima: 10C na Serra da Mantiqueira e Sul de MG.<\/p>\n<p>Regi\u00e3o Sul \u2013 previs\u00e3o do tempo em 27\/10\/2010: No oeste da Regi\u00e3o: predom\u00ednio de sol. Nas demais \u00e1reas: sol e poucas nuvens. Temperaturas est\u00e1veis. Temperatura m\u00e1xima: 30C no extremo norte da Regi\u00e3o. Temperatura m\u00ednima: 06C nas \u00e1reas de Serra de SC e RS.<\/p>\n<p>Previs\u00e3o do tempo e temperatura CPTEC<\/p>\n","protected":false},"excerpt":{"rendered":"<p>Previs\u00e3o do tempo \u2013 a meteorologia divulgou a previs\u00e3o do tempo e temperatura para esta quarta-feira (27\/10) e informa que a Zona de Converg\u00eancia de Umidade (ZCOU) deixar\u00e1 o dia com muita nebulosidade e pancadas de chuva sobre a faixa que se estende desde a Regi\u00e3o Norte, ao norte da Regi\u00e3o Sudeste, grande parte da [&hellip;]<\/p>\n","protected":false},"author":3,"featured_media":28409,"comment_status":"open","ping_status":"open","sticky":false,"template":"","format":"standard","meta":{"_genesis_hide_title":false,"_genesis_hide_breadcrumbs":false,"_genesis_hide_singular_image":false,"_genesis_hide_footer_widgets":false,"_genesis_custom_body_class":"","_genesis_custom_post_class":"","_genesis_layout":"","_jetpack_memberships_contains_paid_content":false,"footnotes":""},"categories":[22],"tags":[],"class_list":{"0":"post-32142","1":"post","2":"type-post","3":"status-publish","4":"format-standard","5":"has-post-thumbnail","7":"category-brasil","8":"entry","9":"gs-1","10":"gs-odd","11":"gs-even","12":"gs-featured-content-entry"},"jetpack_featured_media_url":"https:\/\/www.redenoticia.com.br\/noticia\/imagens\/previsao-do-tempo-e-temperatura.jpg","jetpack_sharing_enabled":true,"jetpack_likes_enabled":true,"_links":{"self":[{"href":"https:\/\/www.redenoticia.com.br\/noticia\/wp-json\/wp\/v2\/posts\/32142","targetHints":{"allow":["GET"]}}],"collection":[{"href":"https:\/\/www.redenoticia.com.br\/noticia\/wp-json\/wp\/v2\/posts"}],"about":[{"href":"https:\/\/www.redenoticia.com.br\/noticia\/wp-json\/wp\/v2\/types\/post"}],"author":[{"embeddable":true,"href":"https:\/\/www.redenoticia.com.br\/noticia\/wp-json\/wp\/v2\/users\/3"}],"replies":[{"embeddable":true,"href":"https:\/\/www.redenoticia.com.br\/noticia\/wp-json\/wp\/v2\/comments?post=32142"}],"version-history":[{"count":0,"href":"https:\/\/www.redenoticia.com.br\/noticia\/wp-json\/wp\/v2\/posts\/32142\/revisions"}],"wp:featuredmedia":[{"embeddable":true,"href":"https:\/\/www.redenoticia.com.br\/noticia\/wp-json\/wp\/v2\/media\/28409"}],"wp:attachment":[{"href":"https:\/\/www.redenoticia.com.br\/noticia\/wp-json\/wp\/v2\/media?parent=32142"}],"wp:term":[{"taxonomy":"category","embeddable":true,"href":"https:\/\/www.redenoticia.com.br\/noticia\/wp-json\/wp\/v2\/categories?post=32142"},{"taxonomy":"post_tag","embeddable":true,"href":"https:\/\/www.redenoticia.com.br\/noticia\/wp-json\/wp\/v2\/tags?post=32142"}],"curies":[{"name":"wp","href":"https:\/\/api.w.org\/{rel}","templated":true}]}}