{"id":32111,"date":"2010-10-25T10:43:47","date_gmt":"2010-10-25T14:43:47","guid":{"rendered":"http:\/\/www.redenoticia.com.br\/noticia\/?p=32111"},"modified":"2010-10-25T10:43:47","modified_gmt":"2010-10-25T14:43:47","slug":"universidade-livre-de-berlim-inaugura-escritorio-em-sp","status":"publish","type":"post","link":"https:\/\/www.redenoticia.com.br\/noticia\/2010\/universidade-livre-de-berlim-inaugura-escritorio-em-sp\/32111","title":{"rendered":"Universidade Livre de Berlim inaugura escrit\u00f3rio em SP"},"content":{"rendered":"<div>\n<h3><span style=\"font-weight: normal; font-size: 13px;\">A Freie Universit\u00e4t Berlin (<\/span><span style=\"font-size: 13px;\"><em>Universidade Livre de  Berlim<\/em><\/span><span style=\"font-weight: normal; font-size: 13px;\">) inaugurou um escrit\u00f3rio de representa\u00e7\u00e3o da institui\u00e7\u00e3o em S\u00e3o Paulo. A  solenidade de abertura foi realizada no domingo (24\/10), no Instituto Goethe da  capital paulista.<\/span><\/h3>\n<\/div>\n<div>\n<p>O Escrit\u00f3rio Regional da FU Berlin no Brasil, atualmente em fase de  constru\u00e7\u00e3o, ser\u00e1 abrigado no Centro Alem\u00e3o de Inova\u00e7\u00e3o e Ci\u00eancia (DWIH, da sigla  em alem\u00e3o), inaugurado em abril de 2009.<\/p>\n<p>A cria\u00e7\u00e3o dos Centros Alem\u00e3es de Inova\u00e7\u00e3o e Ci\u00eancia em pa\u00edses estrat\u00e9gicos \u00e9  uma iniciativa do Minist\u00e9rio das Rela\u00e7\u00f5es Exteriores e do Minist\u00e9rio de Educa\u00e7\u00e3o  e Pesquisa da Alemanha com o intuito de apoiar a integra\u00e7\u00e3o de seus cientistas  \u00e0s redes internacionais de pesquisa.<\/p>\n<p>De acordo com Claudio Struck, diretor do escrit\u00f3rio brasileiro, a ideia \u00e9  incentivar a coopera\u00e7\u00e3o cient\u00edfica entre a Alemanha e a Am\u00e9rica Latina, com foco  principal no Brasil.<\/p>\n<p>\u201cA escolha do Brasil se deu porque o pa\u00eds vem crescendo em import\u00e2ncia global  em v\u00e1rios aspectos, com destaque para a \u00e1rea cient\u00edfica. O escrit\u00f3rio tem a  finalidade de atrair estudantes de gradua\u00e7\u00e3o e pesquisadores do pa\u00eds para a FU  Berlin, facilitar a colabora\u00e7\u00e3o cient\u00edfica e desenvolver instrumentos adequados  de coopera\u00e7\u00e3o para o interc\u00e2mbio acad\u00eamico\u201d, disse \u00e0 <strong>Ag\u00eancia FAPESP <\/strong>.<\/p>\n<p>A Freie Universit\u00e4t Berlin mant\u00e9m escrit\u00f3rios em cidades como Nova York  (Estados Unidos), Pequim (China), Nova D\u00e9li (\u00cdndia), Moscou (R\u00fassia), Bruxelas  (B\u00e9lgica) e Cairo (Egito). Segundo Struck, o interc\u00e2mbio pretende tamb\u00e9m  qualificar a universidade alem\u00e3 ao atrair pesquisadores de alto n\u00edvel.<\/p>\n<p>\u201cTemos alguns conv\u00eanios com a Universidade de S\u00e3o Paulo para estudantes de  gradua\u00e7\u00e3o e queremos ampliar para outras universidades paulistas, como a  Universidade Estadual de Campinas e Universidade Estadual Paulista, entre  outras\u201d, disse.<\/p>\n<p>Segundo ele, as \u00e1reas estrat\u00e9gicas a serem exploradas dependem de cada pa\u00eds,  mas, em geral, os escrit\u00f3rios s\u00e3o abertos a todas as \u00e1reas de excel\u00eancia das  universidades. No Brasil, afirma, existe por parte da universidade alem\u00e3 um  interesse pelas \u00e1reas ligadas \u00e0s humanidades, em particular \u00e0s ci\u00eancias sociais  e cultura.<\/p>\n<p>\u201cTemos na Freie Universit\u00e4t Berlin um <strong><a href=\"http:\/\/www.lai.fu-berlin.de\/pt\/studium\/index.html\">Instituto de Estudos  Latino-Americanos<\/a><\/strong> que \u00e9 o mais importante na Alemanha. Trata-se de um  projeto interdisciplinar com a participa\u00e7\u00e3o de v\u00e1rios institutos e departamentos  da universidade com foco no Brasil e Am\u00e9rica Latina\u201d, explicou.<\/p>\n<p>De acordo com Struck, h\u00e1 tamb\u00e9m interesse em explorar temas ligados \u00e0  biodiversidade. \u201cEm Berlim, temos um centro de pesquisa em plantas e a  coopera\u00e7\u00e3o com o Brasil nessa \u00e1rea pode nos ajudar muito. Temos interesse tamb\u00e9m  nas \u00e1reas de qu\u00edmica e biotecnologia\u201d, indicou.<\/p>\n<p>Na Alemanha, h\u00e1 mais de 370 institutos de educa\u00e7\u00e3o superior, sendo 110  universidades, 189 universidades de ci\u00eancias aplicadas, 51 faculdades de  humanidades, 30 faculdades de administra\u00e7\u00e3o p\u00fablica, 14 faculdades de teologia e  seis faculdades de educa\u00e7\u00e3o. A maior parte dos institutos de educa\u00e7\u00e3o superior  s\u00e3o p\u00fablicos.<\/p>\n<p>Em Berlim, h\u00e1 tr\u00eas grandes universidades. A Freie Universit\u00e4t \u00e9 a maior delas  e suas \u00e1reas est\u00e3o concentradas em humanidades, ci\u00eancias sociais e em sa\u00fade e  ci\u00eancias naturais. A Universidade T\u00e9cnica (Technische Universit\u00e4t) oferece  cursos de engenharia e arquitetura e a Humboldt Universit\u00e4t atua em ci\u00eancias  humanas, ci\u00eancias sociais e medicina.<\/p>\n<p>Mais informa\u00e7\u00f5es: <strong><a href=\"http:\/\/www.dwih.com.br\/index.php?id=1&amp;L=1\" target=\"_blank\">www.dwih.com.br\/index.php?id=1&amp;L=1<\/a><\/strong><\/p>\n<p>Por Alex Sander Alc\u00e2ntara<\/p>\n<p>Ag\u00eancia FAPESP<\/p>\n<\/div>\n","protected":false},"excerpt":{"rendered":"<p>A Freie Universit\u00e4t Berlin (Universidade Livre de Berlim) inaugurou um escrit\u00f3rio de representa\u00e7\u00e3o da institui\u00e7\u00e3o em S\u00e3o Paulo. A solenidade de abertura foi realizada no domingo (24\/10), no Instituto Goethe da capital paulista. O Escrit\u00f3rio Regional da FU Berlin no Brasil, atualmente em fase de constru\u00e7\u00e3o, ser\u00e1 abrigado no Centro Alem\u00e3o de Inova\u00e7\u00e3o e Ci\u00eancia [&hellip;]<\/p>\n","protected":false},"author":3,"featured_media":0,"comment_status":"open","ping_status":"open","sticky":false,"template":"","format":"standard","meta":{"_genesis_hide_title":false,"_genesis_hide_breadcrumbs":false,"_genesis_hide_singular_image":false,"_genesis_hide_footer_widgets":false,"_genesis_custom_body_class":"","_genesis_custom_post_class":"","_genesis_layout":"","_jetpack_memberships_contains_paid_content":false,"footnotes":""},"categories":[22],"tags":[],"class_list":{"0":"post-32111","1":"post","2":"type-post","3":"status-publish","4":"format-standard","6":"category-brasil","7":"entry","8":"gs-1","9":"gs-odd","10":"gs-even","11":"gs-featured-content-entry"},"jetpack_featured_media_url":"","jetpack_sharing_enabled":true,"jetpack_likes_enabled":true,"_links":{"self":[{"href":"https:\/\/www.redenoticia.com.br\/noticia\/wp-json\/wp\/v2\/posts\/32111","targetHints":{"allow":["GET"]}}],"collection":[{"href":"https:\/\/www.redenoticia.com.br\/noticia\/wp-json\/wp\/v2\/posts"}],"about":[{"href":"https:\/\/www.redenoticia.com.br\/noticia\/wp-json\/wp\/v2\/types\/post"}],"author":[{"embeddable":true,"href":"https:\/\/www.redenoticia.com.br\/noticia\/wp-json\/wp\/v2\/users\/3"}],"replies":[{"embeddable":true,"href":"https:\/\/www.redenoticia.com.br\/noticia\/wp-json\/wp\/v2\/comments?post=32111"}],"version-history":[{"count":0,"href":"https:\/\/www.redenoticia.com.br\/noticia\/wp-json\/wp\/v2\/posts\/32111\/revisions"}],"wp:attachment":[{"href":"https:\/\/www.redenoticia.com.br\/noticia\/wp-json\/wp\/v2\/media?parent=32111"}],"wp:term":[{"taxonomy":"category","embeddable":true,"href":"https:\/\/www.redenoticia.com.br\/noticia\/wp-json\/wp\/v2\/categories?post=32111"},{"taxonomy":"post_tag","embeddable":true,"href":"https:\/\/www.redenoticia.com.br\/noticia\/wp-json\/wp\/v2\/tags?post=32111"}],"curies":[{"name":"wp","href":"https:\/\/api.w.org\/{rel}","templated":true}]}}