{"id":32107,"date":"2010-10-24T18:20:45","date_gmt":"2010-10-24T22:20:45","guid":{"rendered":"http:\/\/www.redenoticia.com.br\/noticia\/?p=32107"},"modified":"2010-10-25T14:10:27","modified_gmt":"2010-10-25T18:10:27","slug":"meteorologia-%e2%80%93-previsao-do-tempo-para-esta-segunda-feira-2510","status":"publish","type":"post","link":"https:\/\/www.redenoticia.com.br\/noticia\/2010\/meteorologia-%e2%80%93-previsao-do-tempo-para-esta-segunda-feira-2510\/32107","title":{"rendered":"Meteorologia \u2013 previs\u00e3o do tempo para esta segunda-feira 25\/10"},"content":{"rendered":"<p><img loading=\"lazy\" decoding=\"async\" class=\"alignleft size-full wp-image-28409\" title=\"previsao do tempo e temperatura\" src=\"https:\/\/www.redenoticia.com.br\/noticia\/imagens\/previsao-do-tempo-e-temperatura.jpg\" alt=\"\" width=\"300\" height=\"193\" srcset=\"https:\/\/www.redenoticia.com.br\/noticia\/imagens\/previsao-do-tempo-e-temperatura.jpg 300w, https:\/\/www.redenoticia.com.br\/noticia\/imagens\/previsao-do-tempo-e-temperatura-250x160.jpg 250w, https:\/\/www.redenoticia.com.br\/noticia\/imagens\/previsao-do-tempo-e-temperatura-150x96.jpg 150w\" sizes=\"auto, (max-width: 300px) 100vw, 300px\" \/><\/p>\n<p>Previs\u00e3o do tempo \u2013 a <strong><em>meteorologia<\/em><\/strong> divulgou a <strong><em>previs\u00e3o do tempo<\/em><\/strong> e <strong><em>temperatura<\/em><\/strong> para esta segunda-feira (25\/10) e informa que haver\u00e1 pancadas de chuva no decorrer do dia entre o centro-norte de MG, ES, GO, MT, grande parte da Regi\u00e3o Norte e interior do NE. No AP, nordeste do PA, centro-norte do MA e em parte do interior do Nordeste, a chance \u00e9 menor, por\u00e9m n\u00e3o se descartam a ocorr\u00eancia de pancadas de chuva \u00e0 tarde. Segundo a previs\u00e3o do tempo j\u00e1 entre o litoral da BA ao PE, o dia fica inst\u00e1vel, com chuva fraca de forma bastante isolada. Dados da previs\u00e3o do tempo indicam que em SP, MS, RJ e parte do PR o sol aparece entre algumas nuvens e haver\u00e1 uma pequena chance de chuva. No centro-oeste de SC e no extremo norte do RS ocorrer\u00e3o pancadas de chuva, enquanto que a chance de chuva \u00e9 menor no litoral do RS. A previs\u00e3o do tempo destaca que nas outras \u00e1reas do pa\u00eds, o sol aparece entre varia\u00e7\u00e3o de nebulosidade. As temperaturas estar\u00e3o est\u00e1veis em grande parte do pa\u00eds.<\/p>\n<p>Vale do Para\u00edba \u2013 previs\u00e3o do tempo em 25\/10, sol entre muita nuvem e haver\u00e1 chance para chuva fraca e localizada na regi\u00e3o. As temperaturas estar\u00e3o est\u00e1veis.<\/p>\n<p>Regi\u00e3o Centro-Oeste \u2013 previs\u00e3o do tempo em 25\/10\/2010: No MS: possibilidade de chuva. Nas demais \u00e1reas: nebulosidade vari\u00e1vel e pancadas de chuva. Temperaturas est\u00e1veis. Temperatura M\u00e1xima: 37C no norte de MT. Temperatura M\u00ednima: 18C no leste de GO.<\/p>\n<p>Regi\u00e3o Nordeste \u2013 previs\u00e3o do tempo em 25\/10\/2010: No interior da BA e na faixa litor\u00e2nea entre AL e o MA: sol com varia\u00e7\u00e3o de nuvens. Nas demais \u00e1reas: sol com possibilidade de pancadas de chuva. Temperaturas elevadas. Temperatura m\u00e1xima: 37C no norte do PI. Temperatura m\u00ednima: 14C no sudoeste da BA.<\/p>\n<p>Regi\u00e3o Norte \u2013 previs\u00e3o do tempo em 25\/10\/2010: Em toda a Regi\u00e3o: sol entre nuvens e pancadas de chuva. Temperaturas est\u00e1veis. Temperatura m\u00e1xima: 38C no nordeste do PA. Temperatura m\u00ednima: 20C no noroeste de RR.<\/p>\n<p>Regi\u00e3o Sudeste \u2013 previs\u00e3o do tempo em 25\/10\/2010: Em SP: nebulosidade vari\u00e1vel e possibilidade de chuva. Nas demais \u00e1reas: sol entre nuvens e pancadas de chuva. Temperaturas m\u00e1ximas amenas no leste de SP. Temperatura m\u00e1xima: 34C no norte de MG. Temperatura m\u00ednima: 10C no sul de SP.<\/p>\n<p>Regi\u00e3o Sul \u2013 previs\u00e3o do tempo em 25\/10\/2010: No leste do RS: nebulosidade vari\u00e1vel e possibilidade de pancadas de chuva. Nas demais \u00e1reas do RS: sol entre poucas nuvens. Nas demais \u00e1reas: nebulosidade vari\u00e1vel e pancadas de chuva. Temperaturas m\u00e1ximas amenas no leste da Regi\u00e3o. Temperatura m\u00e1xima: 28C no oeste da Regi\u00e3o. Temperatura m\u00ednima: 10C no sudoeste do RS.<\/p>\n<p>Previs\u00e3o do tempo e temperatura CPTEC<\/p>\n","protected":false},"excerpt":{"rendered":"<p>Previs\u00e3o do tempo \u2013 a meteorologia divulgou a previs\u00e3o do tempo e temperatura para esta segunda-feira (25\/10) e informa que haver\u00e1 pancadas de chuva no decorrer do dia entre o centro-norte de MG, ES, GO, MT, grande parte da Regi\u00e3o Norte e interior do NE. No AP, nordeste do PA, centro-norte do MA e em [&hellip;]<\/p>\n","protected":false},"author":3,"featured_media":28409,"comment_status":"open","ping_status":"open","sticky":false,"template":"","format":"standard","meta":{"_genesis_hide_title":false,"_genesis_hide_breadcrumbs":false,"_genesis_hide_singular_image":false,"_genesis_hide_footer_widgets":false,"_genesis_custom_body_class":"","_genesis_custom_post_class":"","_genesis_layout":"","_jetpack_memberships_contains_paid_content":false,"footnotes":""},"categories":[22],"tags":[],"class_list":{"0":"post-32107","1":"post","2":"type-post","3":"status-publish","4":"format-standard","5":"has-post-thumbnail","7":"category-brasil","8":"entry","9":"gs-1","10":"gs-odd","11":"gs-even","12":"gs-featured-content-entry"},"jetpack_featured_media_url":"https:\/\/www.redenoticia.com.br\/noticia\/imagens\/previsao-do-tempo-e-temperatura.jpg","jetpack_sharing_enabled":true,"jetpack_likes_enabled":true,"_links":{"self":[{"href":"https:\/\/www.redenoticia.com.br\/noticia\/wp-json\/wp\/v2\/posts\/32107","targetHints":{"allow":["GET"]}}],"collection":[{"href":"https:\/\/www.redenoticia.com.br\/noticia\/wp-json\/wp\/v2\/posts"}],"about":[{"href":"https:\/\/www.redenoticia.com.br\/noticia\/wp-json\/wp\/v2\/types\/post"}],"author":[{"embeddable":true,"href":"https:\/\/www.redenoticia.com.br\/noticia\/wp-json\/wp\/v2\/users\/3"}],"replies":[{"embeddable":true,"href":"https:\/\/www.redenoticia.com.br\/noticia\/wp-json\/wp\/v2\/comments?post=32107"}],"version-history":[{"count":0,"href":"https:\/\/www.redenoticia.com.br\/noticia\/wp-json\/wp\/v2\/posts\/32107\/revisions"}],"wp:featuredmedia":[{"embeddable":true,"href":"https:\/\/www.redenoticia.com.br\/noticia\/wp-json\/wp\/v2\/media\/28409"}],"wp:attachment":[{"href":"https:\/\/www.redenoticia.com.br\/noticia\/wp-json\/wp\/v2\/media?parent=32107"}],"wp:term":[{"taxonomy":"category","embeddable":true,"href":"https:\/\/www.redenoticia.com.br\/noticia\/wp-json\/wp\/v2\/categories?post=32107"},{"taxonomy":"post_tag","embeddable":true,"href":"https:\/\/www.redenoticia.com.br\/noticia\/wp-json\/wp\/v2\/tags?post=32107"}],"curies":[{"name":"wp","href":"https:\/\/api.w.org\/{rel}","templated":true}]}}