{"id":321,"date":"2009-04-09T23:37:00","date_gmt":"2009-04-10T03:37:00","guid":{"rendered":"http:\/\/www.redenoticia.com.br\/noticia\/?p=321"},"modified":"2009-04-11T09:49:28","modified_gmt":"2009-04-11T13:49:28","slug":"pacote-habitacional-deveria-incluir-medidas-de-planejamento-urbano-diz-relatora-da-onu","status":"publish","type":"post","link":"https:\/\/www.redenoticia.com.br\/noticia\/2009\/pacote-habitacional-deveria-incluir-medidas-de-planejamento-urbano-diz-relatora-da-onu\/321","title":{"rendered":"Pacote habitacional deveria incluir medidas de planejamento urbano, diz relatora da ONU"},"content":{"rendered":"<p style=\"MARGIN: 0cm 0cm 12pt\">\n<img loading=\"lazy\" decoding=\"async\" class=\"alignleft\" src=\"http:\/\/farm4.static.flickr.com\/3643\/3429102384_3e1d8b6edf_o.jpg\" alt=\"\" width=\"216\" height=\"216\" \/>O pacote habitacional do governo, que prev\u00ea a constru\u00e7\u00e3o de 1 milh\u00e3o de casas, corre o risco de reproduzir falhas da pol\u00edticas de moradia que ao longo dos anos criou cidades baseadas na segrega\u00e7\u00e3o espacial e sem garantia de acesso das popula\u00e7\u00f5es de baixa renda aos equipamentos urbanos. A avalia\u00e7\u00e3o \u00e9 da relatora especial da Organiza\u00e7\u00e3o das Na\u00e7\u00f5es Unidas (ONU) para o Direito \u00e0 Moradia Adequada, Raquel Rolnik.<\/p>\n<p>&#8220;Tradicionalmente a pol\u00edtica habitacional praticada no pa\u00eds fala apenas da casa e n\u00e3o do lugar na cidade. Deixa que isso seja resolvido no mercado e a moradia popular acaba se instalando onde n\u00e3o existe cidade, em periferias, em situa\u00e7\u00e3o de homogeneidade social, formando guetos&#8221;, argumentou a relatora da ONU.<\/p>\n<p>A inclus\u00e3o de elementos que fortale\u00e7am os instrumentos de organiza\u00e7\u00e3o territorial dos munic\u00edpios, como os planos diretores, e outros previstos no Estatuto das Cidades s\u00e3o &#8220;aperfei\u00e7oamentos&#8221; que ainda podem ser inclu\u00eddos no pacote, na avalia\u00e7\u00e3o da especialista. &#8220;Essa \u00e9 uma oportunidade hist\u00f3rica. Nunca uma quantidade t\u00e3o grande de recursos foi disponibilizada para habita\u00e7\u00e3o de interesse social&#8221;, avalia.<\/p>\n<p>A secret\u00e1ria nacional de Habita\u00e7\u00e3o do Minist\u00e9rio das Cidades, In\u00eas Magalh\u00e3es, reconhece que o governo n\u00e3o preparou nenhuma medida espec\u00edfica de planejamento urbano no \u00e2mbito do plano, mas argumenta que, por se tratar de uma medida prioritariamente econ\u00f4mica &#8211; para gera\u00e7\u00e3o de empregos -, o pacote n\u00e3o pretende trazer solu\u00e7\u00f5es do ordenamento das cidades.<\/p>\n<p>&#8220;H\u00e1 uma preocupa\u00e7\u00e3o evidente com a quest\u00e3o urbana, mas n\u00f3s n\u00e3o podemos exigir de um instrumento que n\u00e3o se prop\u00f5e a fazer isso que ele resolva&#8221;, justifica Magalh\u00e3es.<\/p>\n<p>&#8220;Mesmo que o pacote n\u00e3o tenha sido pensado para produzir cidades, ele vai produzir. Poder\u00e1 ser do jeito que est\u00e1 hoje ou pode sinalizar uma mudan\u00e7a de padr\u00e3o; e sem preju\u00edzo de nenhum dos seus objetivos&#8221;, argumenta Raquel Rolnik.<\/p>\n<p>A relatora da ONU e a secret\u00e1ria de Habita\u00e7\u00e3o concordam sobre a responsabilidade intransfer\u00edvel dos munic\u00edpio na gest\u00e3o do uso e ocupa\u00e7\u00e3o dos solos, mas a relatora defende a cria\u00e7\u00e3o de uma pol\u00edtica urbana nacional, para balizar a\u00e7\u00f5es no \u00e2mbito das cidades, como j\u00e1 acontece com as pol\u00edticas de educa\u00e7\u00e3o b\u00e1sica, por exemplo. &#8220;O governo pode e deve ter pol\u00edtica urbana que sinalize claramente para o munic\u00edpio: tem mais recursos quem fizer isso ou aquilo&#8221;, sugere.<\/p>\n<p>A expectativa da secret\u00e1ria In\u00eas Magalh\u00e3es \u00e9 de que os programas desenvolvidos pelo Minist\u00e9rio das Cidades at\u00e9 agora sejam suficientes para amortecer os poss\u00edveis impactos do aumento maci\u00e7o da oferta habitacional.<\/p>\n<p>&#8220;Vimos desenvolvendo isso desde 2005, a quest\u00e3o dos planos diretores, financiamento dos planos estaduais e municipais de habita\u00e7\u00e3o. Esperamos que esses instrumentos d\u00eaem suporte \u00e0 implementa\u00e7\u00e3o adequada nos munic\u00edpios dessas habita\u00e7\u00f5es.&#8221;<\/p>\n<p style=\"MARGIN: 0cm 0cm 12pt\">Luana Louren\u00e7o<br \/>\n<em>Rep\u00f3rter da Ag\u00eancia Brasil<\/em><\/p>\n<p style=\"MARGIN: 0cm 0cm 12pt\">Foto casaonu e casaonucapa<\/p>\n","protected":false},"excerpt":{"rendered":"<p>O pacote habitacional do governo, que prev\u00ea a constru\u00e7\u00e3o de 1 milh\u00e3o de casas, corre o risco de reproduzir falhas da pol\u00edticas de moradia que ao longo dos anos criou cidades baseadas na segrega\u00e7\u00e3o espacial e sem garantia de acesso das popula\u00e7\u00f5es de baixa renda aos equipamentos urbanos. A avalia\u00e7\u00e3o \u00e9 da relatora especial da [&hellip;]<\/p>\n","protected":false},"author":2,"featured_media":0,"comment_status":"open","ping_status":"open","sticky":false,"template":"","format":"standard","meta":{"_genesis_hide_title":false,"_genesis_hide_breadcrumbs":false,"_genesis_hide_singular_image":false,"_genesis_hide_footer_widgets":false,"_genesis_custom_body_class":"","_genesis_custom_post_class":"","_genesis_layout":"","_jetpack_memberships_contains_paid_content":false,"footnotes":""},"categories":[22],"tags":[],"class_list":{"0":"post-321","1":"post","2":"type-post","3":"status-publish","4":"format-standard","6":"category-brasil","7":"entry","8":"gs-1","9":"gs-odd","10":"gs-even","11":"gs-featured-content-entry"},"jetpack_featured_media_url":"","jetpack_sharing_enabled":true,"jetpack_likes_enabled":true,"_links":{"self":[{"href":"https:\/\/www.redenoticia.com.br\/noticia\/wp-json\/wp\/v2\/posts\/321","targetHints":{"allow":["GET"]}}],"collection":[{"href":"https:\/\/www.redenoticia.com.br\/noticia\/wp-json\/wp\/v2\/posts"}],"about":[{"href":"https:\/\/www.redenoticia.com.br\/noticia\/wp-json\/wp\/v2\/types\/post"}],"author":[{"embeddable":true,"href":"https:\/\/www.redenoticia.com.br\/noticia\/wp-json\/wp\/v2\/users\/2"}],"replies":[{"embeddable":true,"href":"https:\/\/www.redenoticia.com.br\/noticia\/wp-json\/wp\/v2\/comments?post=321"}],"version-history":[{"count":0,"href":"https:\/\/www.redenoticia.com.br\/noticia\/wp-json\/wp\/v2\/posts\/321\/revisions"}],"wp:attachment":[{"href":"https:\/\/www.redenoticia.com.br\/noticia\/wp-json\/wp\/v2\/media?parent=321"}],"wp:term":[{"taxonomy":"category","embeddable":true,"href":"https:\/\/www.redenoticia.com.br\/noticia\/wp-json\/wp\/v2\/categories?post=321"},{"taxonomy":"post_tag","embeddable":true,"href":"https:\/\/www.redenoticia.com.br\/noticia\/wp-json\/wp\/v2\/tags?post=321"}],"curies":[{"name":"wp","href":"https:\/\/api.w.org\/{rel}","templated":true}]}}