{"id":32088,"date":"2010-10-22T11:46:38","date_gmt":"2010-10-22T15:46:38","guid":{"rendered":"http:\/\/www.redenoticia.com.br\/noticia\/?p=32088"},"modified":"2010-10-22T12:51:49","modified_gmt":"2010-10-22T16:51:49","slug":"embrapa-inicia-capacitacao-de-africanos","status":"publish","type":"post","link":"https:\/\/www.redenoticia.com.br\/noticia\/2010\/embrapa-inicia-capacitacao-de-africanos\/32088","title":{"rendered":"Embrapa inicia capacita\u00e7\u00e3o de Africanos"},"content":{"rendered":"<p>A <strong><em>Plataforma \u00c1frica-Brasil de Inova\u00e7\u00e3o Tecnol\u00f3gica<\/em><\/strong>, lan\u00e7ada este ano pela  Empresa Brasileira de Pesquisa Agropecu\u00e1ria \u2013 Embrapa, vinculada ao Minist\u00e9rio  da Agricultura, Pecu\u00e1ria e Abastecimento, dentro do Di\u00e1logo Brasil-\u00c1frica,  prioriza a transfer\u00eancia de conhecimento, a capacita\u00e7\u00e3o e a elabora\u00e7\u00e3o de  projetos que se adequem \u00e0s peculiaridades de cada pa\u00eds africano.<\/p>\n<p>Com 3 milh\u00f5es de d\u00f3lares de organiza\u00e7\u00f5es internacionais para o financiamento  de projetos em parcerias, o programa tem o apoio do Minist\u00e9rio das Rela\u00e7\u00f5es  Exteriores (MRE) e j\u00e1 tem a ades\u00e3o do Fundo Internacional para o Desenvolvimento  Agr\u00edcola (IFAD), Banco Mundial (Bird), Departamento Internacional para o  Desenvolvimento (DFID) e da Ag\u00eancia Brasileira de Coopera\u00e7\u00e3o (ABC), ligada ao  MRE.<\/p>\n<p>No \u00e2mbito das capacita\u00e7\u00f5es, a Embrapa, representada pela Embrapa Estudos e  Capacita\u00e7\u00e3o (CECAT), localizada em Bras\u00edlia-DF, prop\u00f4s um programa de  treinamento, aprovado pela ABC, coordenadora do Di\u00e1logo, delineado a partir das  diretrizes estabelecidas pelo MRE. A Empresa ofereceu cerca de 150 diferentes  cursos para seguran\u00e7a alimentar. O CECAT selecionou 19 por estarem ligados,  diretamente, aos objetivos do Acordo. A ABC, seguindo as caracter\u00edsticas do  continente, sancionou quatro &#8211; forragicultura e sementes (outubro de 2010) e  soja e agricultura familiar (mar\u00e7o de 2011).<\/p>\n<p>Esta primeira fase, realizada de 18 a 29 de outubro, conta com a participa\u00e7\u00e3o  da Embrapa Gado de Corte (Campo Grande-MS) e Embrapa Transfer\u00eancia de Tecnologia  (Bras\u00edlia-DF). Cada curso \u00e9 composto por dois m\u00f3dulos. O primeiro &#8211; Inser\u00e7\u00e3o dos  Treinandos, com dura\u00e7\u00e3o de 40 horas, informar\u00e1 aos participantes sobre o Brasil  e sua agricultura e a trajet\u00f3ria da Embrapa, sua gest\u00e3o de pesquisa e  pessoas.<\/p>\n<p>O segundo &#8211; Teoria e Pr\u00e1tica, tamb\u00e9m com 40 horas, \u00e9 composto por duas op\u00e7\u00f5es  de capacita\u00e7\u00e3o: Forragicultura, Pastagens e Boas Pr\u00e1ticas (Embrapa Gado de  Corte) e Produ\u00e7\u00e3o de Sementes (Embrapa Transfer\u00eancia de Tecnologia). A  finalidade \u00e9 instruir os t\u00e9cnicos em temas ou produtos estrat\u00e9gicos para a  agricultura tropical e seguran\u00e7a alimentar.<\/p>\n<p>Das 92 inscri\u00e7\u00f5es recebidas, 81 se qualificaram para concorrer. A sele\u00e7\u00e3o foi  feita com base na qualifica\u00e7\u00e3o do candidato, a partir de sua forma\u00e7\u00e3o  profissional e emprego atual. \u201cForam selecionados aqueles cuja ocupa\u00e7\u00e3o atual  permitiria o maior impacto do treinamento. A quest\u00e3o de g\u00eanero tamb\u00e9m foi  observada. Al\u00e9m disso, buscou-se a maior diversidade de pa\u00edses, sem abrir m\u00e3o,  por\u00e9m, da qualifica\u00e7\u00e3o\u201d, explica o chefe adjunto de capacita\u00e7\u00e3o do CECAT, Paulo  Eduardo de Melo. Ao final, 25 profissionais, dois por pa\u00eds inscrito, da Tun\u00edsia  a Angola passando pelo Sud\u00e3o, com forma\u00e7\u00e3o entre agronomia e economia ser\u00e3o  capacitados.<\/p>\n<p>Ap\u00f3s essa fase, conforme Paulo Melo, os candidatos ter\u00e3o um espa\u00e7o virtual  aberto no sistema de gerenciamento de cursos da Embrapa para manter contato  entre si e com os instrutores. A inten\u00e7\u00e3o, segundo ele, \u00e9 criar v\u00ednculos de  trabalho. \u201cA Empresa e seus pesquisadores ter\u00e3o a oportunidade de estreitar  la\u00e7os com as institui\u00e7\u00f5es africanas e, com isso, ampliar a sua atua\u00e7\u00e3o  internacional. Os africanos, por sua vez, ganham em coopera\u00e7\u00e3o e no implemento  de melhorias em seus sistemas de produ\u00e7\u00e3o\u201d.<\/p>\n<p>Forragicultura \u2013 de 25 a 29 de outubro, o grupo de especialistas se  encontrar\u00e1 em Campo Grande-MS para o curso de forma\u00e7\u00e3o, recupera\u00e7\u00e3o e manejo de  pastagens, na Embrapa Gado de Corte. A equipe t\u00e9cnica, formada pelos  pesquisadores da Unidade, preparou uma programa\u00e7\u00e3o com aulas te\u00f3ricas, estudos  de caso e atividades em campo. Temas como planejamento da propriedade, forma\u00e7\u00e3o  e recupera\u00e7\u00e3o de pastagem, programa de melhoramento de forrageiras, manejo do  pastejo e integra\u00e7\u00e3o lavoura-pecu\u00e1ria-floresta ser\u00e3o abordados.<\/p>\n","protected":false},"excerpt":{"rendered":"<p>A Plataforma \u00c1frica-Brasil de Inova\u00e7\u00e3o Tecnol\u00f3gica, lan\u00e7ada este ano pela Empresa Brasileira de Pesquisa Agropecu\u00e1ria \u2013 Embrapa, vinculada ao Minist\u00e9rio da Agricultura, Pecu\u00e1ria e Abastecimento, dentro do Di\u00e1logo Brasil-\u00c1frica, prioriza a transfer\u00eancia de conhecimento, a capacita\u00e7\u00e3o e a elabora\u00e7\u00e3o de projetos que se adequem \u00e0s peculiaridades de cada pa\u00eds africano. Com 3 milh\u00f5es de d\u00f3lares [&hellip;]<\/p>\n","protected":false},"author":3,"featured_media":0,"comment_status":"open","ping_status":"open","sticky":false,"template":"","format":"standard","meta":{"_genesis_hide_title":false,"_genesis_hide_breadcrumbs":false,"_genesis_hide_singular_image":false,"_genesis_hide_footer_widgets":false,"_genesis_custom_body_class":"","_genesis_custom_post_class":"","_genesis_layout":"","_jetpack_memberships_contains_paid_content":false,"footnotes":""},"categories":[22],"tags":[],"class_list":{"0":"post-32088","1":"post","2":"type-post","3":"status-publish","4":"format-standard","6":"category-brasil","7":"entry","8":"gs-1","9":"gs-odd","10":"gs-even","11":"gs-featured-content-entry"},"jetpack_featured_media_url":"","jetpack_sharing_enabled":true,"jetpack_likes_enabled":true,"_links":{"self":[{"href":"https:\/\/www.redenoticia.com.br\/noticia\/wp-json\/wp\/v2\/posts\/32088","targetHints":{"allow":["GET"]}}],"collection":[{"href":"https:\/\/www.redenoticia.com.br\/noticia\/wp-json\/wp\/v2\/posts"}],"about":[{"href":"https:\/\/www.redenoticia.com.br\/noticia\/wp-json\/wp\/v2\/types\/post"}],"author":[{"embeddable":true,"href":"https:\/\/www.redenoticia.com.br\/noticia\/wp-json\/wp\/v2\/users\/3"}],"replies":[{"embeddable":true,"href":"https:\/\/www.redenoticia.com.br\/noticia\/wp-json\/wp\/v2\/comments?post=32088"}],"version-history":[{"count":0,"href":"https:\/\/www.redenoticia.com.br\/noticia\/wp-json\/wp\/v2\/posts\/32088\/revisions"}],"wp:attachment":[{"href":"https:\/\/www.redenoticia.com.br\/noticia\/wp-json\/wp\/v2\/media?parent=32088"}],"wp:term":[{"taxonomy":"category","embeddable":true,"href":"https:\/\/www.redenoticia.com.br\/noticia\/wp-json\/wp\/v2\/categories?post=32088"},{"taxonomy":"post_tag","embeddable":true,"href":"https:\/\/www.redenoticia.com.br\/noticia\/wp-json\/wp\/v2\/tags?post=32088"}],"curies":[{"name":"wp","href":"https:\/\/api.w.org\/{rel}","templated":true}]}}