{"id":32087,"date":"2010-10-22T12:45:44","date_gmt":"2010-10-22T16:45:44","guid":{"rendered":"http:\/\/www.redenoticia.com.br\/noticia\/?p=32087"},"modified":"2010-10-22T12:45:44","modified_gmt":"2010-10-22T16:45:44","slug":"exposicao-traz-25-momentos-de-portinari","status":"publish","type":"post","link":"https:\/\/www.redenoticia.com.br\/noticia\/2010\/exposicao-traz-25-momentos-de-portinari\/32087","title":{"rendered":"Exposi\u00e7\u00e3o traz 25 momentos de Portinari"},"content":{"rendered":"<div>\n<h3><span style=\"font-weight: normal; font-size: 13px;\">Uma <\/span><span style=\"font-size: 13px;\"><em>exposi\u00e7\u00e3o<\/em><\/span><span style=\"font-weight: normal; font-size: 13px;\"> com as 25 obras do artista <\/span><span style=\"font-size: 13px;\"><em>Candido  Portinari<\/em><\/span><span style=\"font-weight: normal; font-size: 13px;\"> (1903-1962) que ilustram o Relat\u00f3rio de  Atividades FAPESP 2009 foi inaugurada nesta quarta-feira (20\/10), em S\u00e3o  Paulo, na sede da Funda\u00e7\u00e3o. A mostra ficar\u00e1 aberta ao p\u00fablico at\u00e9 o dia 30 de  novembro.<\/span><\/h3>\n<\/div>\n<div>\n<p>O evento teve a participa\u00e7\u00e3o do fundador e diretor-geral do Projeto Portinari  Jo\u00e3o Candido Portinari \u2013 filho do pintor \u2013, do presidente da FAPESP, Celso  Lafer, dos membros do Conselho T\u00e9cnico Administrativo \u2013 diretor presidente  Ricardo Renzo Brentani, diretor administrativo Joaquim Jos\u00e9 de Camargo Engler e  diretor cient\u00edfico Carlos Henrique de Brito Cruz \u2013, al\u00e9m dos membros do Conselho  Superior da Funda\u00e7\u00e3o.<\/p>\n<p>Pelo quinto ano consecutivo, o <em>Relat\u00f3rio de Atividades<\/em> homenageia  artistas pl\u00e1sticos que nasceram ou se radicaram em S\u00e3o Paulo. A edi\u00e7\u00e3o de 2005  apresentou obras de Francisco Rebolo (1902-1980), seguida por Aldo Bonadei  (1906-1974) no ano seguinte, Lasar Segall (1891-1957) em 2007 e Tarsila do  Amaral (1886-1973) em 2008.<\/p>\n<p>\u201cO relat\u00f3rio de 2009 homenageia esse homem e esse extraordin\u00e1rio artista que  foi Portinari. Uma das obras reproduzidas, os pain\u00e9is <em>Guerra e Paz<\/em>, foi  considerada pelo pr\u00f3prio Portinari como sua melhor obra. Pessoalmente, tamb\u00e9m  acho que essa obra \u00e9 uma s\u00edntese do trabalho de um artista de muitas facetas\u201d,  disse Lafer.<\/p>\n<p>A sele\u00e7\u00e3o das obras, segundo Jo\u00e3o Candido, procura mostrar os principais  momentos da carreira do artista. \u201cUma carreira com mais de 5 mil obras, com uma  tem\u00e1tica muito abrangente: temas sociais, hist\u00f3ricos, religiosos. Ele abordou  com muita recorr\u00eancia as festas populares, o trabalho e a crian\u00e7a. Al\u00e9m das  quest\u00f5es universais, sua obra \u00e9 um grande retrato do Brasil\u201d, disse \u00e0 Ag\u00eancia  FAPESP.<\/p>\n<p>Durante o lan\u00e7amento da exposi\u00e7\u00e3o, Jo\u00e3o Candido apresentou a palestra <em>Do  cafezal \u00e0s Na\u00e7\u00f5es Unidas<\/em>. O t\u00edtulo remete \u00e0 longa trajet\u00f3ria art\u00edstica de  seu pai, que teve in\u00edcio nos cafezais por ele retratados \u2013 o pintor, filho de  imigrantes italianos, nasceu em uma fazenda na regi\u00e3o de Brodowski, no interior  paulista \u2013 e culminou com a cria\u00e7\u00e3o dos dois pain\u00e9is de 14 metros de altura com  o tema <em>Guerra e Paz<\/em>, concebidos especialmente para a sede das Na\u00e7\u00f5es  Unidas em Nova York.<\/p>\n<p>\u201cSua obra pode ser sintetizada na famosa frase do escritor russo Leon  Tolstoi: \u2018se queres ser universal, come\u00e7a por pintar a tua aldeia\u2019. Esse  movimento de universaliza\u00e7\u00e3o ocorre paulatinamente em seus trabalhos\u201d, disse  Jo\u00e3o Candido.<\/p>\n<p>Os pain\u00e9is <em>Guerra e Paz<\/em> mostram o \u00e1pice desse movimento em dire\u00e7\u00e3o ao  universal. As crian\u00e7as de todas as ra\u00e7as que brincam no painel <em>Paz<\/em>, por  exemplo, claramente n\u00e3o s\u00e3o mais os meninos de Brodowski, segundo Jo\u00e3o  Candido.<\/p>\n<p>\u201cNo painel <em>Guerra<\/em> n\u00e3o h\u00e1 armas, tanques ou soldados \u2013 h\u00e1 apenas dor,  que ele retratou no maior sofrimento conhecido pelo ser humano: a imagem da m\u00e3e  que perdeu o filho. O painel tem seis a oito dessas figuras, que s\u00e3o aut\u00eanticas  <em>piet\u00e0s<\/em>. Na s\u00e9rie <em>Retirantes<\/em>, da d\u00e9cada de 1940, encontramos tamb\u00e9m  a m\u00e3e com o filho morto. Sem d\u00favida, trata-se tamb\u00e9m de uma <em>piet\u00e0<\/em>, mas  inserida em um drama brasileiro. No painel <em>Guerra<\/em>, vemos o drama  universal\u201d, explicou.<\/p>\n<p>De acordo com Jo\u00e3o Candido, o trabalho de seu pai tem como caracter\u00edstica um  experimentalismo incessante \u2013 a ponto de cr\u00edticos dizerem que na obra de  Portinari h\u00e1 uma dezena de pintores diferentes. Mas a tem\u00e1tica \u00e9 sempre a mesma:  a profunda preocupa\u00e7\u00e3o social.<\/p>\n<p>\u201cEle foi mudando o estilo e a forma de express\u00e3o. Dava import\u00e2ncia \u00e0 t\u00e9cnica,  dizia que sem ela \u00e9 imposs\u00edvel expressar o que vai na alma, mas destacava que  seu tema era o homem. Est\u00e1 presente invariavelmente em sua obra esse desejo  profundo de solidariedade e de compaix\u00e3o. \u00c9 uma obra permeada de valores sociais  e humanos\u201d, disse.<\/p>\n<p>Uma vers\u00e3o on-line das reprodu\u00e7\u00f5es expostas no hall da FAPESP est\u00e1 dispon\u00edvel  em: <a href=\"http:\/\/www.fapesp.br\/publicacoes\/portinari\" target=\"_blank\">www.fapesp.br\/publicacoes\/portinari<\/a>.<\/p>\n<p>O <em>Relat\u00f3rio de Atividades FAPESP 2009<\/em> est\u00e1 dispon\u00edvel em: <a href=\"http:\/\/www.fapesp.br\/publicacoes\/relat2010.pdf\" target=\"_blank\">www.fapesp.br\/publicacoes\/relat2010.pdf<\/a><\/p>\n<p>Por F\u00e1bio de Castro<\/p>\n<p>Ag\u00eancia FAPESP<\/p>\n<\/div>\n","protected":false},"excerpt":{"rendered":"<p>Uma exposi\u00e7\u00e3o com as 25 obras do artista Candido Portinari (1903-1962) que ilustram o Relat\u00f3rio de Atividades FAPESP 2009 foi inaugurada nesta quarta-feira (20\/10), em S\u00e3o Paulo, na sede da Funda\u00e7\u00e3o. A mostra ficar\u00e1 aberta ao p\u00fablico at\u00e9 o dia 30 de novembro. O evento teve a participa\u00e7\u00e3o do fundador e diretor-geral do Projeto Portinari [&hellip;]<\/p>\n","protected":false},"author":3,"featured_media":0,"comment_status":"open","ping_status":"open","sticky":false,"template":"","format":"standard","meta":{"_genesis_hide_title":false,"_genesis_hide_breadcrumbs":false,"_genesis_hide_singular_image":false,"_genesis_hide_footer_widgets":false,"_genesis_custom_body_class":"","_genesis_custom_post_class":"","_genesis_layout":"","_jetpack_memberships_contains_paid_content":false,"footnotes":""},"categories":[22],"tags":[],"class_list":{"0":"post-32087","1":"post","2":"type-post","3":"status-publish","4":"format-standard","6":"category-brasil","7":"entry","8":"gs-1","9":"gs-odd","10":"gs-even","11":"gs-featured-content-entry"},"jetpack_featured_media_url":"","jetpack_sharing_enabled":true,"jetpack_likes_enabled":true,"_links":{"self":[{"href":"https:\/\/www.redenoticia.com.br\/noticia\/wp-json\/wp\/v2\/posts\/32087","targetHints":{"allow":["GET"]}}],"collection":[{"href":"https:\/\/www.redenoticia.com.br\/noticia\/wp-json\/wp\/v2\/posts"}],"about":[{"href":"https:\/\/www.redenoticia.com.br\/noticia\/wp-json\/wp\/v2\/types\/post"}],"author":[{"embeddable":true,"href":"https:\/\/www.redenoticia.com.br\/noticia\/wp-json\/wp\/v2\/users\/3"}],"replies":[{"embeddable":true,"href":"https:\/\/www.redenoticia.com.br\/noticia\/wp-json\/wp\/v2\/comments?post=32087"}],"version-history":[{"count":0,"href":"https:\/\/www.redenoticia.com.br\/noticia\/wp-json\/wp\/v2\/posts\/32087\/revisions"}],"wp:attachment":[{"href":"https:\/\/www.redenoticia.com.br\/noticia\/wp-json\/wp\/v2\/media?parent=32087"}],"wp:term":[{"taxonomy":"category","embeddable":true,"href":"https:\/\/www.redenoticia.com.br\/noticia\/wp-json\/wp\/v2\/categories?post=32087"},{"taxonomy":"post_tag","embeddable":true,"href":"https:\/\/www.redenoticia.com.br\/noticia\/wp-json\/wp\/v2\/tags?post=32087"}],"curies":[{"name":"wp","href":"https:\/\/api.w.org\/{rel}","templated":true}]}}