{"id":32084,"date":"2010-10-22T12:30:25","date_gmt":"2010-10-22T16:30:25","guid":{"rendered":"http:\/\/www.redenoticia.com.br\/noticia\/?p=32084"},"modified":"2010-10-22T12:30:25","modified_gmt":"2010-10-22T16:30:25","slug":"sao-paulo-sedia-evento-internacional-de-danca-latina","status":"publish","type":"post","link":"https:\/\/www.redenoticia.com.br\/noticia\/2010\/sao-paulo-sedia-evento-internacional-de-danca-latina\/32084","title":{"rendered":"S\u00e3o Paulo sedia evento internacional de dan\u00e7a latina"},"content":{"rendered":"<p>Contagem regressiva para o final de semana do feriado prolongado de 2 de  novembro! Uma mega-programa\u00e7\u00e3o de dan\u00e7a come\u00e7a logo na sexta-feira, 29 de  outubro, com o baile de abertura do 8\u00ba <strong><em>Congresso Mundial de Salsa do Brasil<\/em><\/strong>, o  maior evento do g\u00eanero da Am\u00e9rica do Sul, que ainda re\u00fane outros ritmos latinos  como o samba, tango e zouk em congressos independentes.<\/p>\n<p>A maratona de salsa, precursora dos eventos dos outros ritmos latinos,  acontece no Club Homs, em plena avenida Paulista, com workshops de dan\u00e7as com os  melhores profissionais do mundo, vindos de pa\u00edses como Argentina, Espanha,  Alemanha, Estados Unidos, entre outros. E agora tamb\u00e9m do Brasil, j\u00e1 que a dupla  de brasileiros Rafael Barros e Carine Morais conquistou, neste ano, o t\u00edtulo  in\u00e9dito de melhores do mundo no campeonato World Salsa Open, que acontece h\u00e1  quase duas d\u00e9cadas, anualmente, em Porto Rico.<\/p>\n<p>Aos que querem aprender t\u00e9cnicas de salsa, seja para \u201crodopiar\u201d nas pistas  das casas noturnas espalhadas pelo Brasil e mundo afora, ou para aperfei\u00e7oamento  profissional -professores de academias de dan\u00e7a, por exemplo-, aulas de diversos  estilos como cha cha cha, bachata, salsa em casal, rueda de casino, entre  outros, e em variados n\u00edveis, de iniciantes a avan\u00e7ados, constam na programa\u00e7\u00e3o  de workshops do Congresso, nas tardes dos dias 30 e 31 de outubro, e 1\u00ba de  novembro.<\/p>\n<p>J\u00e1 para praticar os \u201cpasitos\u201d, as noites est\u00e3o reservadas para bailes e  apresenta\u00e7\u00f5es de coreografias de profissionais do Brasil e do exterior. \u201c\u00c9 um  verdadeiro espet\u00e1culo de dan\u00e7a latina\u201d, exclama Ricardo Garcia, um dos  organizadores do Congresso Mundial de Salsa do Brasil e idealizadores do projeto  que inclui, ainda, samba, zouk e tango. \u201cTanto que no sal\u00e3o dedicado \u00e0 salsa,  reunimos tamb\u00e9m apresenta\u00e7\u00f5es dos outros ritmos latinos, assim como a salsa se  apresenta nos demais sal\u00f5es\u201d, explica Garcia.<\/p>\n<p>Na edi\u00e7\u00e3o de 2010, o Congresso Mundial de Salsa do Brasil destaca novidades,  como o Curso de Especializa\u00e7\u00e3o Profissional em Salsa, com os mesmo professores  que criaram em Porto Rico a &#8220;Universidad Mundial de La Salsa&#8221;, considerados  entre os mais experientes e reconhecidos instrutores do mundo; a participa\u00e7\u00e3o  in\u00e9dita \u2013com aulas e apresenta\u00e7\u00f5es- dos precursores da salsa mundial, Freddy  Rios e Mike Ramos, hoje com mais de 70 anos de idade e 50 de hist\u00f3ria como  dan\u00e7arinos \u2013The Palladium Mambo Legends; al\u00e9m da Rueda Gigante, a maior rueda de  casino do Brasil, na noite de 1\u00ba de novembro, orientada pelos organizadores do  evento. \u201cEstamos inscrevendo os casais interessados e a expectativa \u00e9 que  consigamos reunir mais de 200 duplas\u201d, revela Garcia.<\/p>\n<p>Para encerrar o Congresso Mundial de Salsa do Brasil, no dia 2 de novembro,  acontece um baile a partir do meio dia, com dura\u00e7\u00e3o de 12 horas diretas, e  reunindo DJs de todos os ritmos dos congressos \u2013salsa, samba, zouk e tango- no  Club Homs.<\/p>\n<p>Mais informa\u00e7\u00f5es, inscri\u00e7\u00f5es e reservas para o Congresso Mundial de Salsa do  Brasil, edi\u00e7\u00e3o 2010, atrav\u00e9s do site www.salsacongress.com.br ou telefone (11)  2835-2335. Os pacotes das aulas variam de R$ 200 a R$ 799 e ingressos para os  bailes, de R$ 30 a R$ 35 por noite.<\/p>\n<p>Congresso Mundial de Salsa do Brasil \u2013 Edi\u00e7\u00e3o 2010<\/p>\n<p>De 29 de outubro a 2 de novembro<\/p>\n<p>Clube Homs \u2013 Avenida Paulista, 735 \u2013 S\u00e3o Paulo<\/p>\n","protected":false},"excerpt":{"rendered":"<p>Contagem regressiva para o final de semana do feriado prolongado de 2 de novembro! Uma mega-programa\u00e7\u00e3o de dan\u00e7a come\u00e7a logo na sexta-feira, 29 de outubro, com o baile de abertura do 8\u00ba Congresso Mundial de Salsa do Brasil, o maior evento do g\u00eanero da Am\u00e9rica do Sul, que ainda re\u00fane outros ritmos latinos como o [&hellip;]<\/p>\n","protected":false},"author":3,"featured_media":0,"comment_status":"open","ping_status":"open","sticky":false,"template":"","format":"standard","meta":{"_genesis_hide_title":false,"_genesis_hide_breadcrumbs":false,"_genesis_hide_singular_image":false,"_genesis_hide_footer_widgets":false,"_genesis_custom_body_class":"","_genesis_custom_post_class":"","_genesis_layout":"","_jetpack_memberships_contains_paid_content":false,"footnotes":""},"categories":[22],"tags":[],"class_list":{"0":"post-32084","1":"post","2":"type-post","3":"status-publish","4":"format-standard","6":"category-brasil","7":"entry","8":"gs-1","9":"gs-odd","10":"gs-even","11":"gs-featured-content-entry"},"jetpack_featured_media_url":"","jetpack_sharing_enabled":true,"jetpack_likes_enabled":true,"_links":{"self":[{"href":"https:\/\/www.redenoticia.com.br\/noticia\/wp-json\/wp\/v2\/posts\/32084","targetHints":{"allow":["GET"]}}],"collection":[{"href":"https:\/\/www.redenoticia.com.br\/noticia\/wp-json\/wp\/v2\/posts"}],"about":[{"href":"https:\/\/www.redenoticia.com.br\/noticia\/wp-json\/wp\/v2\/types\/post"}],"author":[{"embeddable":true,"href":"https:\/\/www.redenoticia.com.br\/noticia\/wp-json\/wp\/v2\/users\/3"}],"replies":[{"embeddable":true,"href":"https:\/\/www.redenoticia.com.br\/noticia\/wp-json\/wp\/v2\/comments?post=32084"}],"version-history":[{"count":0,"href":"https:\/\/www.redenoticia.com.br\/noticia\/wp-json\/wp\/v2\/posts\/32084\/revisions"}],"wp:attachment":[{"href":"https:\/\/www.redenoticia.com.br\/noticia\/wp-json\/wp\/v2\/media?parent=32084"}],"wp:term":[{"taxonomy":"category","embeddable":true,"href":"https:\/\/www.redenoticia.com.br\/noticia\/wp-json\/wp\/v2\/categories?post=32084"},{"taxonomy":"post_tag","embeddable":true,"href":"https:\/\/www.redenoticia.com.br\/noticia\/wp-json\/wp\/v2\/tags?post=32084"}],"curies":[{"name":"wp","href":"https:\/\/api.w.org\/{rel}","templated":true}]}}