{"id":32082,"date":"2010-10-22T12:27:19","date_gmt":"2010-10-22T16:27:19","guid":{"rendered":"http:\/\/www.redenoticia.com.br\/noticia\/?p=32082"},"modified":"2010-10-22T12:27:19","modified_gmt":"2010-10-22T16:27:19","slug":"turismo-rodoviario-passageiros-definem-tempo-em-cada-destino","status":"publish","type":"post","link":"https:\/\/www.redenoticia.com.br\/noticia\/2010\/turismo-rodoviario-passageiros-definem-tempo-em-cada-destino\/32082","title":{"rendered":"Turismo rodovi\u00e1rio &#8211; passageiros definem tempo em cada destino"},"content":{"rendered":"<p>Dentro de alguns meses, paulistas, cariocas, capixabas e mineiros poder\u00e3o  viajar por toda a regi\u00e3o Sudeste, com <strong><em>pacotes tur\u00edsticos rodovi\u00e1rios <\/em><\/strong>de sete ou  14 dias. O diferencial: o consumidor poder\u00e1 definir quantos dias permanecer\u00e1 em  cada destino, e contar com itiner\u00e1rios fixos e di\u00e1rios, diferente das excurs\u00f5es.  No entanto, os pacotes ter\u00e3o o m\u00ednimo de dois pernoites, a fim de que o produto  n\u00e3o concorra com as linhas regulares (permission\u00e1rios).<\/p>\n<p>A proposta foi apresentada nesta quinta-feira (21) pelo presidente da Ag\u00eancia  de Desenvolvimento do Turismo da Macrorregi\u00e3o Sudeste do Brasil (Adetur  Sudeste), Alain Baldacci, ao ministro do Turismo, Luiz Barretto, no Rio de  Janeiro (RJ), durante a Abav 2010. \u201c\u00c9 uma importante oportunidade de contribuir  para a diversifica\u00e7\u00e3o da oferta tur\u00edstica e aumentar o n\u00famero de viagens\u201d,  afirmou.<\/p>\n<p>O projeto \u00e9 uma experi\u00eancia-piloto, baseada no modelo de cruzeiro rodovi\u00e1rio  que est\u00e1 sendo desenvolvido pelo MTur, em parceria com a Ag\u00eancia Nacional de  Transportes Terrestres (ANTT). Segundo Baldacci, o primeiro cruzeiro j\u00e1 tem  alguns destinos definidos: S\u00e3o Paulo (SP), Campos do Jord\u00e3o (SP), Parati (RJ),  Rio de Janeiro (RJ), Belo Horizonte (MG), Guarapari (ES), montanhas capixabas,  dentre outros.<\/p>\n<p>Segundo o ministro Luiz Barretto, o Brasil \u00e9 um pa\u00eds com forte inclina\u00e7\u00e3o  para o turismo rodovi\u00e1rio. \u201c\u00c9 um produto que tem tudo para dar certo, ainda mais  com a entrada de 30 milh\u00f5es de brasileiros na classe m\u00e9dia.\u201d O ministro garantiu  apoio \u00e0 iniciativa e pretende ir al\u00e9m: \u201cVamos pensar em nichos espec\u00edficos, como  a terceira idade\u201d, disse.<\/p>\n","protected":false},"excerpt":{"rendered":"<p>Dentro de alguns meses, paulistas, cariocas, capixabas e mineiros poder\u00e3o viajar por toda a regi\u00e3o Sudeste, com pacotes tur\u00edsticos rodovi\u00e1rios de sete ou 14 dias. O diferencial: o consumidor poder\u00e1 definir quantos dias permanecer\u00e1 em cada destino, e contar com itiner\u00e1rios fixos e di\u00e1rios, diferente das excurs\u00f5es. No entanto, os pacotes ter\u00e3o o m\u00ednimo de [&hellip;]<\/p>\n","protected":false},"author":3,"featured_media":0,"comment_status":"open","ping_status":"open","sticky":false,"template":"","format":"standard","meta":{"_genesis_hide_title":false,"_genesis_hide_breadcrumbs":false,"_genesis_hide_singular_image":false,"_genesis_hide_footer_widgets":false,"_genesis_custom_body_class":"","_genesis_custom_post_class":"","_genesis_layout":"","_jetpack_memberships_contains_paid_content":false,"footnotes":""},"categories":[22],"tags":[],"class_list":{"0":"post-32082","1":"post","2":"type-post","3":"status-publish","4":"format-standard","6":"category-brasil","7":"entry","8":"gs-1","9":"gs-odd","10":"gs-even","11":"gs-featured-content-entry"},"jetpack_featured_media_url":"","jetpack_sharing_enabled":true,"jetpack_likes_enabled":true,"_links":{"self":[{"href":"https:\/\/www.redenoticia.com.br\/noticia\/wp-json\/wp\/v2\/posts\/32082","targetHints":{"allow":["GET"]}}],"collection":[{"href":"https:\/\/www.redenoticia.com.br\/noticia\/wp-json\/wp\/v2\/posts"}],"about":[{"href":"https:\/\/www.redenoticia.com.br\/noticia\/wp-json\/wp\/v2\/types\/post"}],"author":[{"embeddable":true,"href":"https:\/\/www.redenoticia.com.br\/noticia\/wp-json\/wp\/v2\/users\/3"}],"replies":[{"embeddable":true,"href":"https:\/\/www.redenoticia.com.br\/noticia\/wp-json\/wp\/v2\/comments?post=32082"}],"version-history":[{"count":0,"href":"https:\/\/www.redenoticia.com.br\/noticia\/wp-json\/wp\/v2\/posts\/32082\/revisions"}],"wp:attachment":[{"href":"https:\/\/www.redenoticia.com.br\/noticia\/wp-json\/wp\/v2\/media?parent=32082"}],"wp:term":[{"taxonomy":"category","embeddable":true,"href":"https:\/\/www.redenoticia.com.br\/noticia\/wp-json\/wp\/v2\/categories?post=32082"},{"taxonomy":"post_tag","embeddable":true,"href":"https:\/\/www.redenoticia.com.br\/noticia\/wp-json\/wp\/v2\/tags?post=32082"}],"curies":[{"name":"wp","href":"https:\/\/api.w.org\/{rel}","templated":true}]}}