{"id":32079,"date":"2010-10-22T12:09:00","date_gmt":"2010-10-22T16:09:00","guid":{"rendered":"http:\/\/www.redenoticia.com.br\/noticia\/?p=32079"},"modified":"2010-10-22T12:09:00","modified_gmt":"2010-10-22T16:09:00","slug":"brasil-e-peru-realizam-campanha-conjunta-de-promocao-turistica","status":"publish","type":"post","link":"https:\/\/www.redenoticia.com.br\/noticia\/2010\/brasil-e-peru-realizam-campanha-conjunta-de-promocao-turistica\/32079","title":{"rendered":"Brasil e Peru realizam campanha conjunta de promo\u00e7\u00e3o tur\u00edstica"},"content":{"rendered":"<p>Em esfor\u00e7o concentrado por <strong><em>Rota<\/em><\/strong> Amaz\u00f4nia-Andes-<strong><em>Pac\u00edfico<\/em><\/strong>, Acre e Mato Grosso  se comprometem em lan\u00e7ar estrat\u00e9gia de divulga\u00e7\u00e3o tur\u00edstica binacional.\u00a0Formatar um produto tur\u00edstico ligando atrativos da Amaz\u00f4nia, do Pantanal  matogrossense e da regi\u00e3o andina (<strong><em>Peru<\/em><\/strong>) \u00e9 o novo desafio dos estados do <strong><em>Acre<\/em><\/strong> e  do <strong><em>Mato Grosso<\/em><\/strong>. O compromisso foi firmado mediante a assinatura de protocolo de  coopera\u00e7\u00e3o na noite desta quinta-feira (21), na 76\u00aa reuni\u00e3o do F\u00f3rum Nacional de  Secret\u00e1rios e Dirigentes Estaduais de Turismo (FORNATUR), durante a Feira das  Am\u00e9ricas \u2013 Abav 2010.<\/p>\n<p>Os secret\u00e1rios de Turismo Cassiano Oliveira (AC) e Vanice Marques (MT)  celebraram com o Consulado do Brasil no Peru o compromisso de promover a  integra\u00e7\u00e3o entre \u00edcones de turismo dos dois pa\u00edses. \u201cAs liga\u00e7\u00f5es a\u00e9rea e  terrestre j\u00e1 existem e ainda devem ser ampliadas. Queremos explorar esse  interc\u00e2mbio tur\u00edstico internacional\u201d, explicou Vanice.<\/p>\n<p>O novo plano de marketing e promo\u00e7\u00e3o integrada para o roteiro come\u00e7a em  novembro, com a realiza\u00e7\u00e3o de uma caravana de apresenta\u00e7\u00e3o do Brasil no Peru. A  a\u00e7\u00e3o tamb\u00e9m contribui para a constru\u00e7\u00e3o de pacote tur\u00edstico comum fentre os  estados do Acre e Mato Grosso e para o desenvolvimento de projetos de apoio \u00e0  comercializa\u00e7\u00e3o de roteiros dessas regi\u00f5es. Os secret\u00e1rios tamb\u00e9m querem  implantar centros de informa\u00e7\u00f5es e promo\u00e7\u00e3o tur\u00edstica da Rota  Amaz\u00f4nia-Andes-Pac\u00edfico e viabilizar treinamento compartilhado entre  profissionais do Brasil e do Peru.<\/p>\n","protected":false},"excerpt":{"rendered":"<p>Em esfor\u00e7o concentrado por Rota Amaz\u00f4nia-Andes-Pac\u00edfico, Acre e Mato Grosso se comprometem em lan\u00e7ar estrat\u00e9gia de divulga\u00e7\u00e3o tur\u00edstica binacional.\u00a0Formatar um produto tur\u00edstico ligando atrativos da Amaz\u00f4nia, do Pantanal matogrossense e da regi\u00e3o andina (Peru) \u00e9 o novo desafio dos estados do Acre e do Mato Grosso. O compromisso foi firmado mediante a assinatura de protocolo [&hellip;]<\/p>\n","protected":false},"author":3,"featured_media":0,"comment_status":"open","ping_status":"open","sticky":false,"template":"","format":"standard","meta":{"_genesis_hide_title":false,"_genesis_hide_breadcrumbs":false,"_genesis_hide_singular_image":false,"_genesis_hide_footer_widgets":false,"_genesis_custom_body_class":"","_genesis_custom_post_class":"","_genesis_layout":"","_jetpack_memberships_contains_paid_content":false,"footnotes":""},"categories":[22],"tags":[],"class_list":{"0":"post-32079","1":"post","2":"type-post","3":"status-publish","4":"format-standard","6":"category-brasil","7":"entry","8":"gs-1","9":"gs-odd","10":"gs-even","11":"gs-featured-content-entry"},"jetpack_featured_media_url":"","jetpack_sharing_enabled":true,"jetpack_likes_enabled":true,"_links":{"self":[{"href":"https:\/\/www.redenoticia.com.br\/noticia\/wp-json\/wp\/v2\/posts\/32079","targetHints":{"allow":["GET"]}}],"collection":[{"href":"https:\/\/www.redenoticia.com.br\/noticia\/wp-json\/wp\/v2\/posts"}],"about":[{"href":"https:\/\/www.redenoticia.com.br\/noticia\/wp-json\/wp\/v2\/types\/post"}],"author":[{"embeddable":true,"href":"https:\/\/www.redenoticia.com.br\/noticia\/wp-json\/wp\/v2\/users\/3"}],"replies":[{"embeddable":true,"href":"https:\/\/www.redenoticia.com.br\/noticia\/wp-json\/wp\/v2\/comments?post=32079"}],"version-history":[{"count":0,"href":"https:\/\/www.redenoticia.com.br\/noticia\/wp-json\/wp\/v2\/posts\/32079\/revisions"}],"wp:attachment":[{"href":"https:\/\/www.redenoticia.com.br\/noticia\/wp-json\/wp\/v2\/media?parent=32079"}],"wp:term":[{"taxonomy":"category","embeddable":true,"href":"https:\/\/www.redenoticia.com.br\/noticia\/wp-json\/wp\/v2\/categories?post=32079"},{"taxonomy":"post_tag","embeddable":true,"href":"https:\/\/www.redenoticia.com.br\/noticia\/wp-json\/wp\/v2\/tags?post=32079"}],"curies":[{"name":"wp","href":"https:\/\/api.w.org\/{rel}","templated":true}]}}