{"id":32070,"date":"2010-10-21T11:33:13","date_gmt":"2010-10-21T15:33:13","guid":{"rendered":"http:\/\/www.redenoticia.com.br\/noticia\/?p=32070"},"modified":"2010-10-21T11:33:13","modified_gmt":"2010-10-21T15:33:13","slug":"fies-novas-regras-dispensam-fiadores","status":"publish","type":"post","link":"https:\/\/www.redenoticia.com.br\/noticia\/2010\/fies-novas-regras-dispensam-fiadores\/32070","title":{"rendered":"Fies &#8211; novas regras dispensam fiadores"},"content":{"rendered":"<p>O Fundo de  Financiamento ao Estudante do Ensino Superior (<strong><em>Fies<\/em><\/strong>) agora disp\u00f5e de um fundo de  garantia que <strong><em>dispensa o fiador<\/em><\/strong> para os novos contratantes, o que vai permitir  que mais pessoas de baixa renda tenham a oportunidade de cursar a  universidade.<\/p>\n<p>A medida foi anunciada pelo presidente da Rep\u00fablica, Luiz  In\u00e1cio Lula da Silva, nesta quarta-feira, 20. Com o Fundo de Garantia de  Opera\u00e7\u00f5es de Cr\u00e9dito Educativo (Fgeduc), podem abrir m\u00e3o de fiadores os  estudantes que tenham renda familiar mensal per capita de at\u00e9 um sal\u00e1rio m\u00ednimo  e meio, os matriculados em cursos de licenciatura e os bolsistas parciais do  Programa Universidade para Todos (ProUni) que optem por inscri\u00e7\u00e3o no Fies no  mesmo curso em que s\u00e3o benefici\u00e1rios da bolsa.<\/p>\n<p>\u201cConseguir fiadores \u00e9  muito dif\u00edcil, em qualquer camada social; as pessoas t\u00eam medo de assumir  responsabilidades pelo outro, mesmo entre amigos\u201d, salientou o presidente. Com  as recentes mudan\u00e7as no Fies e outras a\u00e7\u00f5es em curso, como Prouni e expans\u00e3o das  institui\u00e7\u00f5es federais, Lula disse acreditar que o pa\u00eds est\u00e1 no caminho da  universaliza\u00e7\u00e3o do ensino superior.<\/p>\n<p>Para recorrer ao fundo, o estudante  deve, no momento da inscri\u00e7\u00e3o, optar pela nova modalidade e verificar se a  institui\u00e7\u00e3o na qual pretende ingressar tamb\u00e9m aderiu. A ades\u00e3o das institui\u00e7\u00f5es  participantes do Fies ao Fgeduc \u00e9 volunt\u00e1ria, pelo Sistema Informatizado do Fies  (SisFies).<\/p>\n<p>O Fgeduc ser\u00e1 composto por recursos do Tesouro Nacional e por  parte dos t\u00edtulos transferidos pelo Fies a institui\u00e7\u00f5es participantes.  Independentemente do agente financeiro escolhido pelo estudante, pode ser feita  a op\u00e7\u00e3o pelo fundo garantidor. S\u00e3o agentes financeiros do Fies a Caixa Econ\u00f4mica  Federal e o Banco do Brasil.<\/p>\n<p><strong>Renegocia\u00e7\u00e3o <\/strong>\u2014 Outra medida  anunciada por Lula permite a renegocia\u00e7\u00e3o dos contratos antigos e a prorroga\u00e7\u00e3o  do prazo de quita\u00e7\u00e3o. Os estudantes que tenham firmado contrato com o Fies at\u00e9  14 de janeiro deste ano podem pedir a revis\u00e3o do prazo total de quita\u00e7\u00e3o para  at\u00e9 tr\u00eas vezes o per\u00edodo de utiliza\u00e7\u00e3o do financiamento, acrescido de 12 meses.  Essa regra j\u00e1 vale para os contratos firmados desde janeiro, quando foram  publicadas as mudan\u00e7as no fundo.<\/p>\n<p>Para verificar o novo valor da parcela,  um simulador estar\u00e1 dispon\u00edvel na p\u00e1gina eletr\u00f4nica do Fies a partir desta  <strong>quinta-feira, 21<\/strong>. O pedido de renegocia\u00e7\u00e3o deve ser feito pelo  estudante no SisFies. Em seguida, precisa ser formalizado pelo estudante e por  seu fiador na ag\u00eancia banc\u00e1ria na qual a opera\u00e7\u00e3o foi contratada (com a  apresenta\u00e7\u00e3o da documenta\u00e7\u00e3o exigida) por meio de termo aditivo ao contrato.<\/p>\n<p>Podem renegociar contratos os estudantes que estiverem nas fases de  amortiza\u00e7\u00e3o 1 e 2 do financiamento e que paguem presta\u00e7\u00f5es de valor superior a  R$ 100. Tanto os adimplentes quanto os inadimplentes podem pedir o benef\u00edcio.  Para o c\u00e1lculo do novo prazo, ser\u00e1 deduzido o per\u00edodo de amortiza\u00e7\u00e3o  transcorrido at\u00e9 a data da formaliza\u00e7\u00e3o do pedido.<\/p>\n<p>\u201cCom essas novas  regras do Fies, fechamos a reforma do fundo. Agora, s\u00f3 n\u00e3o vai estudar quem n\u00e3o  quiser\u201d, afirmou o ministro da Educa\u00e7\u00e3o, Fernando Haddad. Segundo ele, a\u00e7\u00f5es  como o Fies, o Prouni, o Programa de Apoio a Planos de Reestrutura\u00e7\u00e3o e Expans\u00e3o  das Universidades Federais (Reuni), os institutos federais e a Universidade  Aberta do Brasil (UAB) d\u00e3o a possibilidade concreta de alcan\u00e7ar 10 milh\u00f5es de  universit\u00e1rios em alguns anos. Hoje, o pa\u00eds tem 6,5  milh\u00f5es.<\/p>\n<p><strong>Hist\u00f3rico <\/strong>\u2014 O Fies existe desde 1999. Em  janeiro deste ano, foi reformulado para facilitar o acesso. Com as novas regras,  os estudantes podem pedir o financiamento em qualquer \u00e9poca do ano e etapa do  curso. Os juros baixaram para 3,4% ao ano e o prazo para quita\u00e7\u00e3o do empr\u00e9stimo  passou de duas para at\u00e9 tr\u00eas vezes o tempo de dura\u00e7\u00e3o do curso, acrescido de 12  meses.<\/p>\n<p>O n\u00famero de contratos firmados a partir das mudan\u00e7as comprova que  o acesso ao Fies foi ampliado. Somente este ano, foram firmados 58 mil \u2014 em  2009, foram 32 mil.<\/p>\n<p><strong>Movimentos estudantis<\/strong> \u2013 Tanto o  presidente Lula quanto o ministro Haddad cr\u00eaem que o di\u00e1logo com entidades e  movimentos estudantis, como a Uni\u00e3o Nacional dos Estudantes (UNE) e a Uni\u00e3o  Brasileira dos Estudantes Secundaristas (UBES), entre outras, tiveram valor na  constru\u00e7\u00e3o das recentes a\u00e7\u00f5es na educa\u00e7\u00e3o superior.<\/p>\n<p>No caso do  financiamento estudantil, por exemplo, representantes do movimento Fies Justo,  levaram propostas a dirigentes do MEC e parlamentares. Daniela Pellegrini,  fundadora da organiza\u00e7\u00e3o, se diz satisfeita com os avan\u00e7os alcan\u00e7ados. \u201cAs novas  medidas referentes ao Fies s\u00e3o fruto da demanda dos estudantes\u201d, ressaltou. A  jovem, j\u00e1 formada, foi uma das que se beneficiaram pela redu\u00e7\u00e3o dos juros, por  exemplo. \u201cDe R$ 700, passei a pagar R$ 300\u201d, contou.<\/p>\n<p>Assessoria de  Comunica\u00e7\u00e3o Social<\/p>\n","protected":false},"excerpt":{"rendered":"<p>O Fundo de Financiamento ao Estudante do Ensino Superior (Fies) agora disp\u00f5e de um fundo de garantia que dispensa o fiador para os novos contratantes, o que vai permitir que mais pessoas de baixa renda tenham a oportunidade de cursar a universidade. A medida foi anunciada pelo presidente da Rep\u00fablica, Luiz In\u00e1cio Lula da Silva, [&hellip;]<\/p>\n","protected":false},"author":3,"featured_media":0,"comment_status":"open","ping_status":"open","sticky":false,"template":"","format":"standard","meta":{"_genesis_hide_title":false,"_genesis_hide_breadcrumbs":false,"_genesis_hide_singular_image":false,"_genesis_hide_footer_widgets":false,"_genesis_custom_body_class":"","_genesis_custom_post_class":"","_genesis_layout":"","_jetpack_memberships_contains_paid_content":false,"footnotes":""},"categories":[22],"tags":[],"class_list":{"0":"post-32070","1":"post","2":"type-post","3":"status-publish","4":"format-standard","6":"category-brasil","7":"entry","8":"gs-1","9":"gs-odd","10":"gs-even","11":"gs-featured-content-entry"},"jetpack_featured_media_url":"","jetpack_sharing_enabled":true,"jetpack_likes_enabled":true,"_links":{"self":[{"href":"https:\/\/www.redenoticia.com.br\/noticia\/wp-json\/wp\/v2\/posts\/32070","targetHints":{"allow":["GET"]}}],"collection":[{"href":"https:\/\/www.redenoticia.com.br\/noticia\/wp-json\/wp\/v2\/posts"}],"about":[{"href":"https:\/\/www.redenoticia.com.br\/noticia\/wp-json\/wp\/v2\/types\/post"}],"author":[{"embeddable":true,"href":"https:\/\/www.redenoticia.com.br\/noticia\/wp-json\/wp\/v2\/users\/3"}],"replies":[{"embeddable":true,"href":"https:\/\/www.redenoticia.com.br\/noticia\/wp-json\/wp\/v2\/comments?post=32070"}],"version-history":[{"count":0,"href":"https:\/\/www.redenoticia.com.br\/noticia\/wp-json\/wp\/v2\/posts\/32070\/revisions"}],"wp:attachment":[{"href":"https:\/\/www.redenoticia.com.br\/noticia\/wp-json\/wp\/v2\/media?parent=32070"}],"wp:term":[{"taxonomy":"category","embeddable":true,"href":"https:\/\/www.redenoticia.com.br\/noticia\/wp-json\/wp\/v2\/categories?post=32070"},{"taxonomy":"post_tag","embeddable":true,"href":"https:\/\/www.redenoticia.com.br\/noticia\/wp-json\/wp\/v2\/tags?post=32070"}],"curies":[{"name":"wp","href":"https:\/\/api.w.org\/{rel}","templated":true}]}}