{"id":32068,"date":"2010-10-21T11:30:23","date_gmt":"2010-10-21T15:30:23","guid":{"rendered":"http:\/\/www.redenoticia.com.br\/noticia\/?p=32068"},"modified":"2010-10-21T11:30:23","modified_gmt":"2010-10-21T15:30:23","slug":"provas-para-revalidacao-de-diplomas-de-medicina","status":"publish","type":"post","link":"https:\/\/www.redenoticia.com.br\/noticia\/2010\/provas-para-revalidacao-de-diplomas-de-medicina\/32068","title":{"rendered":"Provas para revalida\u00e7\u00e3o de diplomas de medicina"},"content":{"rendered":"<p>As <strong><em>provas<\/em><\/strong> objetiva e discursiva para <strong><em>revalida\u00e7\u00e3o de diplomas de medicina<\/em><\/strong> obtidos  no exterior ser\u00e3o aplicadas no pr\u00f3ximo domingo, 24, no campus  Darcy Ribeiro da Universidade de Bras\u00edlia (UnB). A prova objetiva ser\u00e1 aplicada  pela manh\u00e3, das 8h \u00e0s 13h, e a discursiva, com a dura\u00e7\u00e3o de tr\u00eas horas, ser\u00e1  aplicada \u00e0s 15h.<\/p>\n<p>A prova pr\u00e1tica, que tamb\u00e9m faz parte do processo de  revalida\u00e7\u00e3o, ser\u00e1 aplicada \u2013 provavelmente nos dias 4 e 5 de dezembro \u2013 \u00e0queles candidatos que alcan\u00e7arem no m\u00ednimo 112 pontos  das provas objetiva e discursiva. As tr\u00eas provas avaliar\u00e3o os conhecimentos,  habilidades e compet\u00eancias requeridos para o exerc\u00edcio da medicina no Brasil e  foram elaboradas com base na matriz de correspond\u00eancia curricular, que leva em  considera\u00e7\u00e3o as diretrizes curriculares nacionais do curso de gradua\u00e7\u00e3o em  medicina para estabelecer par\u00e2metros e crit\u00e9rios m\u00ednimos de aferi\u00e7\u00e3o de  equival\u00eancia curricular.<\/p>\n<p>Esse sistema de revalida\u00e7\u00e3o de diplomas \u00e9 o  resultado de a\u00e7\u00f5es que v\u00eam sendo realizadas desde 2007, ano em que foi criado um  grupo de trabalho interministerial, com participantes de representantes dos  minist\u00e9rios da Educa\u00e7\u00e3o, das Rela\u00e7\u00f5es Exteriores e da Sa\u00fade. Foram ouvidas  universidades, associa\u00e7\u00f5es m\u00e9dicas e associa\u00e7\u00f5es de ex-alunos, para se buscar  uma forma de sistematizar o procedimento, garantindo a qualidade dos  profissionais que ser\u00e3o certificados pelas universidades brasileiras.<\/p>\n<p>\u201cBuscamos garantir maior isonomia, transpar\u00eancia e padroniza\u00e7\u00e3o no  processo de revalida\u00e7\u00e3o de diplomas de m\u00e9dico obtidos no exterior\u201d, explica  Cl\u00e1udia Griboski, diretora de Avalia\u00e7\u00e3o da Educa\u00e7\u00e3o Superior do Instituto  Nacional de Estudos e Pesquisas Educacionais (Inep).<\/p>\n<p>Um total de 507  pessoas est\u00e3o aptas a fazer a prova para revalida\u00e7\u00e3o do diploma no domingo.  Antes disso, eles se inscreveram \u2013 e tiveram suas inscri\u00e7\u00f5es homologadas \u2013 em  uma institui\u00e7\u00e3o de ensino superior conveniada ao projeto e ainda se cadastraram  junto ao Inep, \u00f3rg\u00e3o respons\u00e1vel pela aplica\u00e7\u00e3o da prova.<\/p>\n<p>Assessoria de  Imprensa do Inep<\/p>\n","protected":false},"excerpt":{"rendered":"<p>As provas objetiva e discursiva para revalida\u00e7\u00e3o de diplomas de medicina obtidos no exterior ser\u00e3o aplicadas no pr\u00f3ximo domingo, 24, no campus Darcy Ribeiro da Universidade de Bras\u00edlia (UnB). A prova objetiva ser\u00e1 aplicada pela manh\u00e3, das 8h \u00e0s 13h, e a discursiva, com a dura\u00e7\u00e3o de tr\u00eas horas, ser\u00e1 aplicada \u00e0s 15h. A prova [&hellip;]<\/p>\n","protected":false},"author":3,"featured_media":0,"comment_status":"open","ping_status":"open","sticky":false,"template":"","format":"standard","meta":{"_genesis_hide_title":false,"_genesis_hide_breadcrumbs":false,"_genesis_hide_singular_image":false,"_genesis_hide_footer_widgets":false,"_genesis_custom_body_class":"","_genesis_custom_post_class":"","_genesis_layout":"","_jetpack_memberships_contains_paid_content":false,"footnotes":""},"categories":[22],"tags":[],"class_list":{"0":"post-32068","1":"post","2":"type-post","3":"status-publish","4":"format-standard","6":"category-brasil","7":"entry","8":"gs-1","9":"gs-odd","10":"gs-even","11":"gs-featured-content-entry"},"jetpack_featured_media_url":"","jetpack_sharing_enabled":true,"jetpack_likes_enabled":true,"_links":{"self":[{"href":"https:\/\/www.redenoticia.com.br\/noticia\/wp-json\/wp\/v2\/posts\/32068","targetHints":{"allow":["GET"]}}],"collection":[{"href":"https:\/\/www.redenoticia.com.br\/noticia\/wp-json\/wp\/v2\/posts"}],"about":[{"href":"https:\/\/www.redenoticia.com.br\/noticia\/wp-json\/wp\/v2\/types\/post"}],"author":[{"embeddable":true,"href":"https:\/\/www.redenoticia.com.br\/noticia\/wp-json\/wp\/v2\/users\/3"}],"replies":[{"embeddable":true,"href":"https:\/\/www.redenoticia.com.br\/noticia\/wp-json\/wp\/v2\/comments?post=32068"}],"version-history":[{"count":0,"href":"https:\/\/www.redenoticia.com.br\/noticia\/wp-json\/wp\/v2\/posts\/32068\/revisions"}],"wp:attachment":[{"href":"https:\/\/www.redenoticia.com.br\/noticia\/wp-json\/wp\/v2\/media?parent=32068"}],"wp:term":[{"taxonomy":"category","embeddable":true,"href":"https:\/\/www.redenoticia.com.br\/noticia\/wp-json\/wp\/v2\/categories?post=32068"},{"taxonomy":"post_tag","embeddable":true,"href":"https:\/\/www.redenoticia.com.br\/noticia\/wp-json\/wp\/v2\/tags?post=32068"}],"curies":[{"name":"wp","href":"https:\/\/api.w.org\/{rel}","templated":true}]}}