{"id":32066,"date":"2010-10-21T11:19:17","date_gmt":"2010-10-21T15:19:17","guid":{"rendered":"http:\/\/www.redenoticia.com.br\/noticia\/?p=32066"},"modified":"2010-10-21T11:19:17","modified_gmt":"2010-10-21T15:19:17","slug":"queimadas-disparam-110-em-outubro","status":"publish","type":"post","link":"https:\/\/www.redenoticia.com.br\/noticia\/2010\/queimadas-disparam-110-em-outubro\/32066","title":{"rendered":"Queimadas disparam 110% em Outubro"},"content":{"rendered":"<p>Nos 20 dias do m\u00eas de Outubro, o n\u00famero de <strong><em>focos de inc\u00eandio no Brasil<\/em><\/strong> registrado  foi 110% maior do que registrado no ano anterior. Segundo o Instituto Nacional  de Pesquisas Espaciais (Inpe), no mesmo per\u00edodo do ano passado haviam sido  registrados 9.836 focos de inc\u00eandio em todo o pa\u00eds e este ano j\u00e1 chegou aos  20.713 focos.<\/p>\n<p>Segundo a SOMAR Meteorologia, o grande n\u00famero de queimadas que v\u00eam sendo  registrado, deve-se ao atraso do per\u00edodo chuvoso no Brasil, que tem deixado o  tempo mais seco. Este atraso \u00e9 ocasionado pelo fen\u00f4meno La Ni\u00f1a, que aumenta o  per\u00edodo de estiagem e diminui a regularidade das precipita\u00e7\u00f5es.<\/p>\n<p>Os Estados com maiores registros de queimadas foram: Bahia (4.446), Mato  Grosso (3.601), Tocantins (3.024) e Piau\u00ed (2.940). Mas h\u00e1 a expectativa que a  situa\u00e7\u00e3o comece a se normalizar com o retorno das chuvas na maior parte do pa\u00eds,  nesta segunda metade do m\u00eas. Nos \u00faltimos dias, uma frente fria ocasionou chuvas  por quase todo Nordeste e Norte do pa\u00eds.<\/p>\n<p>Para os pr\u00f3ximos dias, as \u00e1reas de instabilidade causam chuvas em boa parte  da Regi\u00e3o do Norte, apenas no Amap\u00e1 e no nordeste do Par\u00e1, o risco de chuva \u00e9  menor. No Nordeste, a distribui\u00e7\u00e3o da chuva permanece inalterada, come\u00e7ando na  costa entre a Bahia e Pernambuco, avan\u00e7ando para norte at\u00e9 a costa entre o Cear\u00e1  e Maranh\u00e3o e retornando para sul, terminando no oeste da Bahia.<\/p>\n","protected":false},"excerpt":{"rendered":"<p>Nos 20 dias do m\u00eas de Outubro, o n\u00famero de focos de inc\u00eandio no Brasil registrado foi 110% maior do que registrado no ano anterior. Segundo o Instituto Nacional de Pesquisas Espaciais (Inpe), no mesmo per\u00edodo do ano passado haviam sido registrados 9.836 focos de inc\u00eandio em todo o pa\u00eds e este ano j\u00e1 chegou [&hellip;]<\/p>\n","protected":false},"author":3,"featured_media":0,"comment_status":"open","ping_status":"open","sticky":false,"template":"","format":"standard","meta":{"_genesis_hide_title":false,"_genesis_hide_breadcrumbs":false,"_genesis_hide_singular_image":false,"_genesis_hide_footer_widgets":false,"_genesis_custom_body_class":"","_genesis_custom_post_class":"","_genesis_layout":"","_jetpack_memberships_contains_paid_content":false,"footnotes":""},"categories":[22],"tags":[],"class_list":{"0":"post-32066","1":"post","2":"type-post","3":"status-publish","4":"format-standard","6":"category-brasil","7":"entry","8":"gs-1","9":"gs-odd","10":"gs-even","11":"gs-featured-content-entry"},"jetpack_featured_media_url":"","jetpack_sharing_enabled":true,"jetpack_likes_enabled":true,"_links":{"self":[{"href":"https:\/\/www.redenoticia.com.br\/noticia\/wp-json\/wp\/v2\/posts\/32066","targetHints":{"allow":["GET"]}}],"collection":[{"href":"https:\/\/www.redenoticia.com.br\/noticia\/wp-json\/wp\/v2\/posts"}],"about":[{"href":"https:\/\/www.redenoticia.com.br\/noticia\/wp-json\/wp\/v2\/types\/post"}],"author":[{"embeddable":true,"href":"https:\/\/www.redenoticia.com.br\/noticia\/wp-json\/wp\/v2\/users\/3"}],"replies":[{"embeddable":true,"href":"https:\/\/www.redenoticia.com.br\/noticia\/wp-json\/wp\/v2\/comments?post=32066"}],"version-history":[{"count":0,"href":"https:\/\/www.redenoticia.com.br\/noticia\/wp-json\/wp\/v2\/posts\/32066\/revisions"}],"wp:attachment":[{"href":"https:\/\/www.redenoticia.com.br\/noticia\/wp-json\/wp\/v2\/media?parent=32066"}],"wp:term":[{"taxonomy":"category","embeddable":true,"href":"https:\/\/www.redenoticia.com.br\/noticia\/wp-json\/wp\/v2\/categories?post=32066"},{"taxonomy":"post_tag","embeddable":true,"href":"https:\/\/www.redenoticia.com.br\/noticia\/wp-json\/wp\/v2\/tags?post=32066"}],"curies":[{"name":"wp","href":"https:\/\/api.w.org\/{rel}","templated":true}]}}