{"id":32047,"date":"2010-10-20T11:12:47","date_gmt":"2010-10-20T15:12:47","guid":{"rendered":"http:\/\/www.redenoticia.com.br\/noticia\/?p=32047"},"modified":"2010-11-16T13:09:48","modified_gmt":"2010-11-16T17:09:48","slug":"marcos-vianna-revela-a-tendencia-dos-cabelos-no-verao-2010-2011","status":"publish","type":"post","link":"https:\/\/www.redenoticia.com.br\/noticia\/2010\/marcos-vianna-revela-a-tendencia-dos-cabelos-no-verao-2010-2011\/32047","title":{"rendered":"Tend\u00eancia dos cabelos no ver\u00e3o 2010-2011"},"content":{"rendered":"<p><strong><em><img loading=\"lazy\" decoding=\"async\" class=\"alignleft size-full wp-image-17877\" title=\"cachos\" src=\"https:\/\/www.redenoticia.com.br\/noticia\/imagens\/cachos.jpg\" alt=\"\" width=\"300\" height=\"193\" srcset=\"https:\/\/www.redenoticia.com.br\/noticia\/imagens\/cachos.jpg 300w, https:\/\/www.redenoticia.com.br\/noticia\/imagens\/cachos-250x160.jpg 250w, https:\/\/www.redenoticia.com.br\/noticia\/imagens\/cachos-150x96.jpg 150w\" sizes=\"auto, (max-width: 300px) 100vw, 300px\" \/>Ver\u00e3o<\/em><\/strong> 2010\/2011 &#8211; falta muito pouco para vermos nas ruas e  passarelas o frescor dos dias quentes retratado nos <strong><em>cabelos<\/em><\/strong>, e ao que o  cabeleireiro paulistano Marcos Vianna anuncia, ser\u00e3o dias de fios ao vento,  frescos e leves. \u201cA <strong><em>tend\u00eancia<\/em><\/strong> abrange todos os estilos, sem a ditadura dos  lis\u00edssimos ou ainda fios muito longos; a ideia \u00e9 permitir varia\u00e7\u00f5es que  preservem o estilo natural do cabelo, at\u00e9 porque o ver\u00e3o implica em mais  lavagens, mais \u00e1gua do mar e piscina \u2013 fatores que interferem na sa\u00fade dos  fios\u201d, explica o profissional.<\/p>\n<p>Cores quentes voltam a acender os fios na  temporada, com destaque para tons avermelhados. \u201cBrasileiras gostam de ter o  vermelho nos cabelos e de certa forma \u00e9 um tom que melhor combina com peles  morenas e clarinhas\u201d, explica o profissional. E os loir\u00edssimos, ficam de lado?  Segundo Marcos, o loiro muito claro j\u00e1 n\u00e3o \u00e9 tend\u00eancia h\u00e1 algum tempo. \u201cA cor  loiro Donatella Versace j\u00e1 teve momentos gloriosos, mas felizmente n\u00e3o est\u00e1 em  alta, pois o processo para chegar a um tom extremamente claro danifica em muito  os cabelos\u201d, alerta.<\/p>\n<p>Fios mais encaracolados, para Marcos, conseguem  unir o belo ao saud\u00e1vel. \u201cCom um bom corte, cabelos anelados, cacheados e mesmo  crespos ficam extremamente controlados, e hoje n\u00e3o faltam bons produtos capazes  de auxiliar na manuten\u00e7\u00e3o do visual com praticidade\u201d, explica o profissional,  habituado aos mais diferentes tipos e texturas de cabelos. Como visagista,  Marcos compreende que \u00e9 muito importante conhecer o perfil do \u201cdono do cabelo\u201d  para assim trazer o melhor estilo e corte, principalmente quando se trata de  alto ver\u00e3o, com muito mais lavagens do que no inverno e menos tempo para  dispender das f\u00e9rias com escovas e chapinhas. \u201cUm cabelo bem desenhado e tratado  \u00e9 garantia de um belo visual em qualquer circunst\u00e2ncia, o que faz do cuidado com  o cabelo um investimento de bem estar, beleza e imagem para quem quer estar bem  sempre\u201d, finaliza.<\/p>\n","protected":false},"excerpt":{"rendered":"<p>Ver\u00e3o 2010\/2011 &#8211; falta muito pouco para vermos nas ruas e passarelas o frescor dos dias quentes retratado nos cabelos, e ao que o cabeleireiro paulistano Marcos Vianna anuncia, ser\u00e3o dias de fios ao vento, frescos e leves. \u201cA tend\u00eancia abrange todos os estilos, sem a ditadura dos lis\u00edssimos ou ainda fios muito longos; a [&hellip;]<\/p>\n","protected":false},"author":3,"featured_media":17877,"comment_status":"open","ping_status":"open","sticky":false,"template":"","format":"standard","meta":{"_genesis_hide_title":false,"_genesis_hide_breadcrumbs":false,"_genesis_hide_singular_image":false,"_genesis_hide_footer_widgets":false,"_genesis_custom_body_class":"","_genesis_custom_post_class":"","_genesis_layout":"","_jetpack_memberships_contains_paid_content":false,"footnotes":""},"categories":[22],"tags":[],"class_list":{"0":"post-32047","1":"post","2":"type-post","3":"status-publish","4":"format-standard","5":"has-post-thumbnail","7":"category-brasil","8":"entry","9":"gs-1","10":"gs-odd","11":"gs-even","12":"gs-featured-content-entry"},"jetpack_featured_media_url":"https:\/\/www.redenoticia.com.br\/noticia\/imagens\/cachos.jpg","jetpack_sharing_enabled":true,"jetpack_likes_enabled":true,"_links":{"self":[{"href":"https:\/\/www.redenoticia.com.br\/noticia\/wp-json\/wp\/v2\/posts\/32047","targetHints":{"allow":["GET"]}}],"collection":[{"href":"https:\/\/www.redenoticia.com.br\/noticia\/wp-json\/wp\/v2\/posts"}],"about":[{"href":"https:\/\/www.redenoticia.com.br\/noticia\/wp-json\/wp\/v2\/types\/post"}],"author":[{"embeddable":true,"href":"https:\/\/www.redenoticia.com.br\/noticia\/wp-json\/wp\/v2\/users\/3"}],"replies":[{"embeddable":true,"href":"https:\/\/www.redenoticia.com.br\/noticia\/wp-json\/wp\/v2\/comments?post=32047"}],"version-history":[{"count":0,"href":"https:\/\/www.redenoticia.com.br\/noticia\/wp-json\/wp\/v2\/posts\/32047\/revisions"}],"wp:featuredmedia":[{"embeddable":true,"href":"https:\/\/www.redenoticia.com.br\/noticia\/wp-json\/wp\/v2\/media\/17877"}],"wp:attachment":[{"href":"https:\/\/www.redenoticia.com.br\/noticia\/wp-json\/wp\/v2\/media?parent=32047"}],"wp:term":[{"taxonomy":"category","embeddable":true,"href":"https:\/\/www.redenoticia.com.br\/noticia\/wp-json\/wp\/v2\/categories?post=32047"},{"taxonomy":"post_tag","embeddable":true,"href":"https:\/\/www.redenoticia.com.br\/noticia\/wp-json\/wp\/v2\/tags?post=32047"}],"curies":[{"name":"wp","href":"https:\/\/api.w.org\/{rel}","templated":true}]}}