{"id":32039,"date":"2010-10-19T16:06:00","date_gmt":"2010-10-19T20:06:00","guid":{"rendered":"http:\/\/www.redenoticia.com.br\/noticia\/?p=32039"},"modified":"2010-10-20T13:19:31","modified_gmt":"2010-10-20T17:19:31","slug":"meteorologia-%e2%80%93-previsao-do-tempo-para-esta-quarta-feira-2010","status":"publish","type":"post","link":"https:\/\/www.redenoticia.com.br\/noticia\/2010\/meteorologia-%e2%80%93-previsao-do-tempo-para-esta-quarta-feira-2010\/32039","title":{"rendered":"Meteorologia \u2013 previs\u00e3o do tempo para esta quarta-feira 20\/10"},"content":{"rendered":"<p><img loading=\"lazy\" decoding=\"async\" class=\"alignleft size-full wp-image-28410\" title=\"previsao do tempo temperatura\" src=\"https:\/\/www.redenoticia.com.br\/noticia\/imagens\/previsao-do-tempo-temperatura.jpg\" alt=\"\" width=\"300\" height=\"193\" srcset=\"https:\/\/www.redenoticia.com.br\/noticia\/imagens\/previsao-do-tempo-temperatura.jpg 300w, https:\/\/www.redenoticia.com.br\/noticia\/imagens\/previsao-do-tempo-temperatura-250x160.jpg 250w, https:\/\/www.redenoticia.com.br\/noticia\/imagens\/previsao-do-tempo-temperatura-150x96.jpg 150w\" sizes=\"auto, (max-width: 300px) 100vw, 300px\" \/>Previs\u00e3o do tempo \u2013 a\u00a0<strong><em>meteorologia<\/em><\/strong> divulgou a <strong><em>previs\u00e3o do tempo <\/em><\/strong>e\u00a0 <strong><em>temperatura<\/em><\/strong> para esta quarta-feira (20\/10) e informa que a zona de converg\u00eancia de umidade continuar\u00e1 a atuar sobre a faixa que abrange o norte da Regi\u00e3o Sudeste, o Centro-Oeste, parte do Nordeste e Norte do pa\u00eds, deixando o c\u00e9u nublado e com pancadas de chuva nessas \u00e1reas. Segundo a previs\u00e3o do tempo sobre o Sul do Brasil, grande parte de SP e MS o sol ir\u00e1 predominar. Dados da previs\u00e3o do tempo indicam que no leste do Nordeste brasileiro o sol aparecer\u00e1 entre poucas nuvens, apenas no sul do MA, do PI e na BA haver\u00e1 pancadas de chuva localmente fortes. Muitas nuvens entre o sul do ES e norte do RJ e nebulosidade vari\u00e1vel no sul do RJ e leste e nordeste de SP. A previs\u00e3o do tempo destaca a temperatura m\u00ednima baixa na serras ga\u00facha e catarinense.<\/p>\n<p>Vale do Para\u00edba &#8211; previs\u00e3o do tempo em 20\/10\/2010: o dia ter\u00e1 sol com nebulosidade vari\u00e1vel em toda a regi\u00e3o. As temperaturas estar\u00e3o em gradativa eleva\u00e7\u00e3o.<\/p>\n<p>Regi\u00e3o Centro-Oeste \u2013 previs\u00e3o do tempo em 20\/10\/2010: no MS e sul de MT, sol entre poucas nuvens. Nas demais \u00e1reas: sol entre nuvens e pancadas de chuva. Temperaturas est\u00e1veis. Temperatura M\u00e1xima: 40C no centro-norte de MT. Temperatura M\u00ednima: 10C no sudoeste do MS.<\/p>\n<p>Regi\u00e3o Nordeste \u2013 previs\u00e3o do tempo em 20\/10\/2010: no norte do MA, do PI, no CE, RN, PB, PE, AL, SE e nordeste da BA: sol e poucas nuvens. Nas demais \u00e1reas: sol entre nuvens e pancadas de chuva. Pode chover forte no noroeste da BA, sul do PI e do MA. Temperaturas est\u00e1veis. Temperatura m\u00e1xima: 38C no PI. Temperatura m\u00ednima: 19C no interior da BA.<\/p>\n<p>Regi\u00e3o Norte \u2013 previs\u00e3o do tempo em 20\/10\/2010: no leste do AP e nordeste do PA: sol e poucas nuvens. Nas demais \u00e1reas: sol entre nuvens e pancadas de chuva. Temperaturas est\u00e1veis. Temperatura m\u00e1xima: 42C no leste do AM. Temperatura m\u00ednima: 18C no noroeste de RR.<\/p>\n<p>Regi\u00e3o Sudeste \u2013 previs\u00e3o do tempo em 20\/10\/2010: norte de MG nublado e pancadas de chuva. No extremo nordeste de MG e norte do ES: pancadas de chuva pela manh\u00e3. No centro-sul do Es, norte do RJ e leste de MG: c\u00e9u nublado. No leste de SP, sudeste de MG e demais \u00e1reas do RJ: varia\u00e7\u00e3o de nebulosidade. No centro-sul de MG e demais \u00e1reas de SP: predom\u00ednio de sol. Nas demais \u00e1reas: pancadas de chuva principalmente no per\u00edodo da tarde. Temperaturas est\u00e1veis. Temperatura m\u00e1xima: 34C no norte de MG. Temperatura m\u00ednima: 10C no sul de SP.<\/p>\n<p>Regi\u00e3o Sul \u2013 previs\u00e3o do tempo em 20\/10\/2010: predom\u00ednio de sol em todas as \u00e1reas da Regi\u00e3o. Temperaturas est\u00e1veis. Temperatura m\u00e1xima: 30C no extremo sudoeste do PR. Temperatura m\u00ednima: 4C nas Serras do RS e de SC.<\/p>\n<p>Previs\u00e3o do tempo e temperatura CPTEC<\/p>\n","protected":false},"excerpt":{"rendered":"<p>Previs\u00e3o do tempo \u2013 a\u00a0meteorologia divulgou a previs\u00e3o do tempo e\u00a0 temperatura para esta quarta-feira (20\/10) e informa que a zona de converg\u00eancia de umidade continuar\u00e1 a atuar sobre a faixa que abrange o norte da Regi\u00e3o Sudeste, o Centro-Oeste, parte do Nordeste e Norte do pa\u00eds, deixando o c\u00e9u nublado e com pancadas de [&hellip;]<\/p>\n","protected":false},"author":3,"featured_media":28410,"comment_status":"open","ping_status":"open","sticky":false,"template":"","format":"standard","meta":{"_genesis_hide_title":false,"_genesis_hide_breadcrumbs":false,"_genesis_hide_singular_image":false,"_genesis_hide_footer_widgets":false,"_genesis_custom_body_class":"","_genesis_custom_post_class":"","_genesis_layout":"","_jetpack_memberships_contains_paid_content":false,"footnotes":""},"categories":[22],"tags":[],"class_list":{"0":"post-32039","1":"post","2":"type-post","3":"status-publish","4":"format-standard","5":"has-post-thumbnail","7":"category-brasil","8":"entry","9":"gs-1","10":"gs-odd","11":"gs-even","12":"gs-featured-content-entry"},"jetpack_featured_media_url":"https:\/\/www.redenoticia.com.br\/noticia\/imagens\/previsao-do-tempo-temperatura.jpg","jetpack_sharing_enabled":true,"jetpack_likes_enabled":true,"_links":{"self":[{"href":"https:\/\/www.redenoticia.com.br\/noticia\/wp-json\/wp\/v2\/posts\/32039","targetHints":{"allow":["GET"]}}],"collection":[{"href":"https:\/\/www.redenoticia.com.br\/noticia\/wp-json\/wp\/v2\/posts"}],"about":[{"href":"https:\/\/www.redenoticia.com.br\/noticia\/wp-json\/wp\/v2\/types\/post"}],"author":[{"embeddable":true,"href":"https:\/\/www.redenoticia.com.br\/noticia\/wp-json\/wp\/v2\/users\/3"}],"replies":[{"embeddable":true,"href":"https:\/\/www.redenoticia.com.br\/noticia\/wp-json\/wp\/v2\/comments?post=32039"}],"version-history":[{"count":0,"href":"https:\/\/www.redenoticia.com.br\/noticia\/wp-json\/wp\/v2\/posts\/32039\/revisions"}],"wp:featuredmedia":[{"embeddable":true,"href":"https:\/\/www.redenoticia.com.br\/noticia\/wp-json\/wp\/v2\/media\/28410"}],"wp:attachment":[{"href":"https:\/\/www.redenoticia.com.br\/noticia\/wp-json\/wp\/v2\/media?parent=32039"}],"wp:term":[{"taxonomy":"category","embeddable":true,"href":"https:\/\/www.redenoticia.com.br\/noticia\/wp-json\/wp\/v2\/categories?post=32039"},{"taxonomy":"post_tag","embeddable":true,"href":"https:\/\/www.redenoticia.com.br\/noticia\/wp-json\/wp\/v2\/tags?post=32039"}],"curies":[{"name":"wp","href":"https:\/\/api.w.org\/{rel}","templated":true}]}}