{"id":32037,"date":"2010-10-19T15:36:06","date_gmt":"2010-10-19T19:36:06","guid":{"rendered":"http:\/\/www.redenoticia.com.br\/noticia\/?p=32037"},"modified":"2010-10-19T15:36:06","modified_gmt":"2010-10-19T19:36:06","slug":"aposentadoria-atrasados-devem-ser-pagos-a-sucessor-de-beneficiario","status":"publish","type":"post","link":"https:\/\/www.redenoticia.com.br\/noticia\/2010\/aposentadoria-atrasados-devem-ser-pagos-a-sucessor-de-beneficiario\/32037","title":{"rendered":"Aposentadoria &#8211; atrasados devem ser pagos a sucessor de benefici\u00e1rio"},"content":{"rendered":"<p><strong><em>Aposentadoria<\/em><\/strong> &#8211; os sucessores do autor que falecer no curso do processo que trata de  pagamento de benef\u00edcio assistencial de presta\u00e7\u00e3o continuada tem direito aos  atrasados que seriam devidos at\u00e9 a data da morte \u2013 esse foi o entendimento  confirmado pela Turma Nacional de Uniformiza\u00e7\u00e3o dos Juizados Especiais Federais  (TNU) na sess\u00e3o realizada nos dias 13 e 14 de setembro, em Salvador.<\/p>\n<p>No processo em quest\u00e3o (PEDILEF n\u00b0 2007.38.00.71.4293-4), a autora  questionava o ac\u00f3rd\u00e3o da Turma Recursal de Minas Gerais que extinguiu o  processo, sem julgamento do m\u00e9rito, quando seu filho, que seria o benefici\u00e1rio  da presta\u00e7\u00e3o continuada, faleceu, tornando imposs\u00edvel a sucess\u00e3o civil sobre  tais valores j\u00e1 que o benef\u00edcio assistencial tem car\u00e1ter personal\u00edssimo.<\/p>\n<p>Diversamente, por\u00e9m, o relator do processo na TNU, juiz federal Manoel Rolim  Campbell Penna, decidiu de forma favor\u00e1vel \u00e0 autora quanto aos valores devidos  at\u00e9 a data da morte, destacando em seu voto que, apreciando caso semelhante, a  Turma Nacional j\u00e1 havia determinado o pagamento a sucessor, apesar do car\u00e1ter  personal\u00edssimo do benef\u00edcio assistencial.<\/p>\n<p>O magistrado, inclusive, reproduziu trecho do voto da ju\u00edza federal Joana  Carolina Lins Pereira no PEDILEF n\u00b0 2006.38.00.748812-7, que resume bem o  entendimento de que \u201cn\u00e3o se poderia premiar o Estado por uma conduta duplamente  censur\u00e1vel: I) por n\u00e3o haver concedido o benef\u00edcio a quem dele necessitava; e  II) por n\u00e3o haver julgado o processo a tempo de propiciar o pagamento dos  atrasados ao cidad\u00e3o inv\u00e1lido\u201d.<\/p>\n<p>O processo agora retorna \u00e0 Turma Recursal de origem para, a partir dessa  premissa fixada pela TNU, adequar o julgado, passando ao exame do m\u00e9rito da  quest\u00e3o.<\/p>\n","protected":false},"excerpt":{"rendered":"<p>Aposentadoria &#8211; os sucessores do autor que falecer no curso do processo que trata de pagamento de benef\u00edcio assistencial de presta\u00e7\u00e3o continuada tem direito aos atrasados que seriam devidos at\u00e9 a data da morte \u2013 esse foi o entendimento confirmado pela Turma Nacional de Uniformiza\u00e7\u00e3o dos Juizados Especiais Federais (TNU) na sess\u00e3o realizada nos dias [&hellip;]<\/p>\n","protected":false},"author":3,"featured_media":0,"comment_status":"open","ping_status":"open","sticky":false,"template":"","format":"standard","meta":{"_genesis_hide_title":false,"_genesis_hide_breadcrumbs":false,"_genesis_hide_singular_image":false,"_genesis_hide_footer_widgets":false,"_genesis_custom_body_class":"","_genesis_custom_post_class":"","_genesis_layout":"","_jetpack_memberships_contains_paid_content":false,"footnotes":""},"categories":[22],"tags":[],"class_list":{"0":"post-32037","1":"post","2":"type-post","3":"status-publish","4":"format-standard","6":"category-brasil","7":"entry","8":"gs-1","9":"gs-odd","10":"gs-even","11":"gs-featured-content-entry"},"jetpack_featured_media_url":"","jetpack_sharing_enabled":true,"jetpack_likes_enabled":true,"_links":{"self":[{"href":"https:\/\/www.redenoticia.com.br\/noticia\/wp-json\/wp\/v2\/posts\/32037","targetHints":{"allow":["GET"]}}],"collection":[{"href":"https:\/\/www.redenoticia.com.br\/noticia\/wp-json\/wp\/v2\/posts"}],"about":[{"href":"https:\/\/www.redenoticia.com.br\/noticia\/wp-json\/wp\/v2\/types\/post"}],"author":[{"embeddable":true,"href":"https:\/\/www.redenoticia.com.br\/noticia\/wp-json\/wp\/v2\/users\/3"}],"replies":[{"embeddable":true,"href":"https:\/\/www.redenoticia.com.br\/noticia\/wp-json\/wp\/v2\/comments?post=32037"}],"version-history":[{"count":0,"href":"https:\/\/www.redenoticia.com.br\/noticia\/wp-json\/wp\/v2\/posts\/32037\/revisions"}],"wp:attachment":[{"href":"https:\/\/www.redenoticia.com.br\/noticia\/wp-json\/wp\/v2\/media?parent=32037"}],"wp:term":[{"taxonomy":"category","embeddable":true,"href":"https:\/\/www.redenoticia.com.br\/noticia\/wp-json\/wp\/v2\/categories?post=32037"},{"taxonomy":"post_tag","embeddable":true,"href":"https:\/\/www.redenoticia.com.br\/noticia\/wp-json\/wp\/v2\/tags?post=32037"}],"curies":[{"name":"wp","href":"https:\/\/api.w.org\/{rel}","templated":true}]}}