{"id":32034,"date":"2010-10-19T10:57:31","date_gmt":"2010-10-19T14:57:31","guid":{"rendered":"http:\/\/www.redenoticia.com.br\/noticia\/?p=32034"},"modified":"2010-10-19T15:30:30","modified_gmt":"2010-10-19T19:30:30","slug":"chuvas-no-norte-e-centro-oeste-do-brasil","status":"publish","type":"post","link":"https:\/\/www.redenoticia.com.br\/noticia\/2010\/chuvas-no-norte-e-centro-oeste-do-brasil\/32034","title":{"rendered":"Chuvas no Norte e Centro-oeste do Brasil"},"content":{"rendered":"<p><img loading=\"lazy\" decoding=\"async\" class=\"alignleft size-full wp-image-26302\" title=\"previsao tempo clima temperatura\" src=\"https:\/\/www.redenoticia.com.br\/noticia\/imagens\/previsao-tempo-clima-temperatura-.jpg\" alt=\"\" width=\"300\" height=\"193\" srcset=\"https:\/\/www.redenoticia.com.br\/noticia\/imagens\/previsao-tempo-clima-temperatura-.jpg 300w, https:\/\/www.redenoticia.com.br\/noticia\/imagens\/previsao-tempo-clima-temperatura--250x160.jpg 250w, https:\/\/www.redenoticia.com.br\/noticia\/imagens\/previsao-tempo-clima-temperatura--150x96.jpg 150w\" sizes=\"auto, (max-width: 300px) 100vw, 300px\" \/>De acordo com a SOMAR Meteorologia, a quarta-feira(20\/10) ser\u00e1 mais um dia com  pancadas de <strong><em>chuva<\/em><\/strong> distribu\u00eddas por toda a Regi\u00e3o Norte. As simula\u00e7\u00f5es indicam  que os n\u00facleos mais intensos ocorrem sobre o Tocantins e no Amazonas, pr\u00f3ximo de  <strong><em>Rond\u00f4nia<\/em><\/strong>. Nas demais regi\u00f5es, a chuva ocorre de forma muito isolada. O calor  diminui, mas muitas \u00e1reas ainda ficam com temperaturas acima dos 30\u00b0C, passando  dos 35\u00b0C em algumas cidades do norte do Par\u00e1.<\/p>\n<p>As pancadas mais fortes continuam atuando sobre o norte de Goi\u00e1s e o Mato  Grosso nessa quarta. Sua forma tamb\u00e9m n\u00e3o muda: pancadas fortes, mas muito  isoladas, acompanhadas de trovoadas e com risco de queda de granizo. N\u00e3o chega a  fazer frio na Regi\u00e3o, mas o calor segue um pouco mais ameno nos tr\u00eas  Estados.<\/p>\n<p>Segundo os meteorologistas da SOMAR, nos pr\u00f3ximos 15 dias, segue chovendo em  toda a Regi\u00e3o Norte. O Estado com mais chuvas \u00e9 o Tocantins, devido \u00e0 constante  passagem de frentes frias pelo Nordeste que organizam a chuva na dire\u00e7\u00e3o dessa  Regi\u00e3o. Os acumulados passam de 200mm, segundo as simula\u00e7\u00f5es.<\/p>\n<p>De acordo com a SOMAR, deve chover forte no sul do Mato Grosso do Sul na  quinta-feira. Entre a sexta, 22, e a segunda, 25, chove em todo o Centro-Oeste.  As simula\u00e7\u00f5es indicam acumulados de mais de 100mm no norte de Goi\u00e1s. Entre os  dias 26 e 28 de outubro, a chuva volta a ficar mais restrita ao norte da Regi\u00e3o.  Nos \u00faltimos dias do m\u00eas, uma nova frente fria avan\u00e7a vinda de sul e volta a  provocar chuvas mais generalizadas.<\/p>\n","protected":false},"excerpt":{"rendered":"<p>De acordo com a SOMAR Meteorologia, a quarta-feira(20\/10) ser\u00e1 mais um dia com pancadas de chuva distribu\u00eddas por toda a Regi\u00e3o Norte. As simula\u00e7\u00f5es indicam que os n\u00facleos mais intensos ocorrem sobre o Tocantins e no Amazonas, pr\u00f3ximo de Rond\u00f4nia. Nas demais regi\u00f5es, a chuva ocorre de forma muito isolada. O calor diminui, mas muitas [&hellip;]<\/p>\n","protected":false},"author":3,"featured_media":26302,"comment_status":"open","ping_status":"open","sticky":false,"template":"","format":"standard","meta":{"_genesis_hide_title":false,"_genesis_hide_breadcrumbs":false,"_genesis_hide_singular_image":false,"_genesis_hide_footer_widgets":false,"_genesis_custom_body_class":"","_genesis_custom_post_class":"","_genesis_layout":"","_jetpack_memberships_contains_paid_content":false,"footnotes":""},"categories":[22,327,388],"tags":[],"class_list":{"0":"post-32034","1":"post","2":"type-post","3":"status-publish","4":"format-standard","5":"has-post-thumbnail","7":"category-brasil","8":"category-clima","9":"category-destaques","10":"entry","11":"gs-1","12":"gs-odd","13":"gs-even","14":"gs-featured-content-entry"},"jetpack_featured_media_url":"https:\/\/www.redenoticia.com.br\/noticia\/imagens\/previsao-tempo-clima-temperatura-.jpg","jetpack_sharing_enabled":true,"jetpack_likes_enabled":true,"_links":{"self":[{"href":"https:\/\/www.redenoticia.com.br\/noticia\/wp-json\/wp\/v2\/posts\/32034","targetHints":{"allow":["GET"]}}],"collection":[{"href":"https:\/\/www.redenoticia.com.br\/noticia\/wp-json\/wp\/v2\/posts"}],"about":[{"href":"https:\/\/www.redenoticia.com.br\/noticia\/wp-json\/wp\/v2\/types\/post"}],"author":[{"embeddable":true,"href":"https:\/\/www.redenoticia.com.br\/noticia\/wp-json\/wp\/v2\/users\/3"}],"replies":[{"embeddable":true,"href":"https:\/\/www.redenoticia.com.br\/noticia\/wp-json\/wp\/v2\/comments?post=32034"}],"version-history":[{"count":0,"href":"https:\/\/www.redenoticia.com.br\/noticia\/wp-json\/wp\/v2\/posts\/32034\/revisions"}],"wp:featuredmedia":[{"embeddable":true,"href":"https:\/\/www.redenoticia.com.br\/noticia\/wp-json\/wp\/v2\/media\/26302"}],"wp:attachment":[{"href":"https:\/\/www.redenoticia.com.br\/noticia\/wp-json\/wp\/v2\/media?parent=32034"}],"wp:term":[{"taxonomy":"category","embeddable":true,"href":"https:\/\/www.redenoticia.com.br\/noticia\/wp-json\/wp\/v2\/categories?post=32034"},{"taxonomy":"post_tag","embeddable":true,"href":"https:\/\/www.redenoticia.com.br\/noticia\/wp-json\/wp\/v2\/tags?post=32034"}],"curies":[{"name":"wp","href":"https:\/\/api.w.org\/{rel}","templated":true}]}}