{"id":32030,"date":"2010-10-19T09:57:44","date_gmt":"2010-10-19T13:57:44","guid":{"rendered":"http:\/\/www.redenoticia.com.br\/noticia\/?p=32030"},"modified":"2010-10-19T15:30:42","modified_gmt":"2010-10-19T19:30:42","slug":"volkwagen-apresenta-o-novo-jetta-no-salao-do-automovel-sp","status":"publish","type":"post","link":"https:\/\/www.redenoticia.com.br\/noticia\/2010\/volkwagen-apresenta-o-novo-jetta-no-salao-do-automovel-sp\/32030","title":{"rendered":"Volkwagen apresenta o novo Jetta no Sal\u00e3o do Autom\u00f3vel SP"},"content":{"rendered":"<p><img loading=\"lazy\" decoding=\"async\" class=\"alignleft size-full wp-image-32032\" title=\"jetta\" src=\"https:\/\/www.redenoticia.com.br\/noticia\/imagens\/jetta.jpg\" alt=\"\" width=\"302\" height=\"195\" srcset=\"https:\/\/www.redenoticia.com.br\/noticia\/imagens\/jetta.jpg 302w, https:\/\/www.redenoticia.com.br\/noticia\/imagens\/jetta-250x161.jpg 250w, https:\/\/www.redenoticia.com.br\/noticia\/imagens\/jetta-150x96.jpg 150w\" sizes=\"auto, (max-width: 302px) 100vw, 302px\" \/>Com mais de 9,6 milh\u00f5es de unidades vendidas, o <strong><em>Jetta<\/em><\/strong> \u00e9 um bestseller  internacional. Ele \u00e9 apresentado agora numa gera\u00e7\u00e3o inteiramente nova: maior e  mais confort\u00e1vel, sustent\u00e1vel e din\u00e2mico &#8211; e com um estilo inteiramente novo. O  modelo \u00e9 uma das principais atra\u00e7\u00f5es da <strong><em>Volkswagen<\/em><\/strong> no Sal\u00e3o Internacional do  Autom\u00f3vel deste ano.<\/p>\n<p>O sed\u00e3 desenvolvido na Alemanha e fabricado no M\u00e9xico traz grandes avan\u00e7os  tanto em conceito como no design. Nunca antes houve um Jetta t\u00e3o grande: o novo  modelo tem 4,64 metros de comprimento, 1,45 m de altura e 1,78 m de largura. \u00c9  nove cent\u00edmetros mais longo que a vers\u00e3o anterior.<\/p>\n<p>Os designers e engenheiros da Volkswagen tamb\u00e9m se preocuparam com o  interior, at\u00e9 o \u00faltimo detalhe. A qualidade e perfei\u00e7\u00e3o do novo Jetta v\u00e3o  claramente al\u00e9m dos limites de sua categoria. O aumento da dist\u00e2ncia entre eixos  do novo Jetta possibilitou uma disposi\u00e7\u00e3o do banco traseiro significativamente  mais confort\u00e1vel. Em rela\u00e7\u00e3o ao modelo anterior, o espa\u00e7o para as pernas  aumentou em 6,7 cm, atingindo 96,7 cm.<\/p>\n<p>A engenharia alem\u00e3 \u00e9 uma das chaves para conquistar consumidores ao redor do  mundo. Ela reflete os mais altos n\u00edveis de acabamento, qualidade e efici\u00eancia  tecnol\u00f3gica. O Jetta projeta essa filosofia para o futuro, atrav\u00e9s da excel\u00eancia  na economia de combust\u00edvel e seu conceito abrangente de seguran\u00e7a.<\/p>\n<p>O carro oferece como equipamento standard ESP (sistema eletr\u00f4nico de controle  de estabilidade) e monitoramento da press\u00e3o dos pneus. Al\u00e9m de proporcionar alta  prote\u00e7\u00e3o aos ocupantes em caso de acidentes, o carro tamb\u00e9m traz novos sistemas  de prote\u00e7\u00e3o para pedestres, em casos de atropelamento.<\/p>\n<p>A qualidade de manufatura \u00e9 pioneira. O novo Jetta responde aos desafios de  nossos tempos melhor que a maioria de seus concorrentes, com um interior  extremamente confort\u00e1vel, um design forte e cheio de estilo e m\u00e1xima efici\u00eancia.<\/p>\n<p>Volkswagen do Brasil<\/p>\n","protected":false},"excerpt":{"rendered":"<p>Com mais de 9,6 milh\u00f5es de unidades vendidas, o Jetta \u00e9 um bestseller internacional. Ele \u00e9 apresentado agora numa gera\u00e7\u00e3o inteiramente nova: maior e mais confort\u00e1vel, sustent\u00e1vel e din\u00e2mico &#8211; e com um estilo inteiramente novo. O modelo \u00e9 uma das principais atra\u00e7\u00f5es da Volkswagen no Sal\u00e3o Internacional do Autom\u00f3vel deste ano. O sed\u00e3 desenvolvido [&hellip;]<\/p>\n","protected":false},"author":3,"featured_media":32032,"comment_status":"open","ping_status":"open","sticky":false,"template":"","format":"standard","meta":{"_genesis_hide_title":false,"_genesis_hide_breadcrumbs":false,"_genesis_hide_singular_image":false,"_genesis_hide_footer_widgets":false,"_genesis_custom_body_class":"","_genesis_custom_post_class":"","_genesis_layout":"","_jetpack_memberships_contains_paid_content":false,"footnotes":""},"categories":[22],"tags":[],"class_list":{"0":"post-32030","1":"post","2":"type-post","3":"status-publish","4":"format-standard","5":"has-post-thumbnail","7":"category-brasil","8":"entry","9":"gs-1","10":"gs-odd","11":"gs-even","12":"gs-featured-content-entry"},"jetpack_featured_media_url":"https:\/\/www.redenoticia.com.br\/noticia\/imagens\/jetta.jpg","jetpack_sharing_enabled":true,"jetpack_likes_enabled":true,"_links":{"self":[{"href":"https:\/\/www.redenoticia.com.br\/noticia\/wp-json\/wp\/v2\/posts\/32030","targetHints":{"allow":["GET"]}}],"collection":[{"href":"https:\/\/www.redenoticia.com.br\/noticia\/wp-json\/wp\/v2\/posts"}],"about":[{"href":"https:\/\/www.redenoticia.com.br\/noticia\/wp-json\/wp\/v2\/types\/post"}],"author":[{"embeddable":true,"href":"https:\/\/www.redenoticia.com.br\/noticia\/wp-json\/wp\/v2\/users\/3"}],"replies":[{"embeddable":true,"href":"https:\/\/www.redenoticia.com.br\/noticia\/wp-json\/wp\/v2\/comments?post=32030"}],"version-history":[{"count":0,"href":"https:\/\/www.redenoticia.com.br\/noticia\/wp-json\/wp\/v2\/posts\/32030\/revisions"}],"wp:featuredmedia":[{"embeddable":true,"href":"https:\/\/www.redenoticia.com.br\/noticia\/wp-json\/wp\/v2\/media\/32032"}],"wp:attachment":[{"href":"https:\/\/www.redenoticia.com.br\/noticia\/wp-json\/wp\/v2\/media?parent=32030"}],"wp:term":[{"taxonomy":"category","embeddable":true,"href":"https:\/\/www.redenoticia.com.br\/noticia\/wp-json\/wp\/v2\/categories?post=32030"},{"taxonomy":"post_tag","embeddable":true,"href":"https:\/\/www.redenoticia.com.br\/noticia\/wp-json\/wp\/v2\/tags?post=32030"}],"curies":[{"name":"wp","href":"https:\/\/api.w.org\/{rel}","templated":true}]}}